{"id":146662,"date":"2018-08-15T16:49:57","date_gmt":"2018-08-15T19:49:57","guid":{"rendered":"http:\/\/prensa.wp1.mendoza.gov.ar\/?p=146662"},"modified":"2018-08-15T17:27:03","modified_gmt":"2018-08-15T20:27:03","slug":"salvar-vidas-a-traves-de-la-medula-osea","status":"publish","type":"post","link":"https:\/\/www.mendoza.gov.ar\/prensa\/salvar-vidas-a-traves-de-la-medula-osea\/","title":{"rendered":"Salvar vidas a trav\u00e9s de la m\u00e9dula \u00f3sea"},"content":{"rendered":"<!DOCTYPE html PUBLIC \"-\/\/W3C\/\/DTD HTML 4.0 Transitional\/\/EN\" \"http:\/\/www.w3.org\/TR\/REC-html40\/loose.dtd\">\n<html><body><p><em>El 23 y 24 de agosto se realizar&aacute; en la provincia una capacitaci&oacute;n sobre trasplante de m&eacute;dula &oacute;sea (TMO). El &nbsp;mi&eacute;rcoles 22, como actividad prejornadas, se realizar&aacute; una instancia de Prevenci&oacute;n y Salud en la plaza Independencia de 10 a 12.30.<\/em><\/p>\n<p>Mendoza ser&aacute; sede de unas jornadas sobre trasplante de m&eacute;dula &oacute;sea, un tratamiento no muy frecuente que puede salvar la vida de muchos.<\/p>\n<p>Durante el encuentro, dirigido a integrantes de equipos de salud, egresados y estudiantes de carreras afines se abordar&aacute;n temas como: el procedimiento del trasplante; rol de enfermer&iacute;a, casos testimoniales; complicaciones; resultados de TMO: nociones b&aacute;sicas, monitorizaci&oacute;n y aspectos generales del crecimiento&rdquo;. Tambi&eacute;n se desarrollar&aacute; un taller sobre lavado de manos y uso de cat&eacute;teres.<\/p>\n<p>Los capacitadores provienen del Hospital Universitario Austral: Gustavo Daniel Kusminsky (jefe del Servicio de Trasplante M&eacute;dula &Oacute;sea); Pablo Gabriel Longo (m&eacute;dico del <em>staff<\/em> Trasplante de M&eacute;dula &Oacute;sea); Mar&iacute;a Rosa Kawinski y Daniela Chumbita (licienciadas en enfermer&iacute;a del Servicio Trasplante M&eacute;dula &Oacute;sea). Tambi&eacute;n participar&aacute;n las doctoras Elma Nievas y Carolina Romero.<\/p>\n<p>La actividad se realizar&aacute; en el Aula Magna Libertador de la Universidad Maza. La entrada es gratuita, aunque el cupo es limitado. Para obtener m&aacute;s informaci&oacute;n, comunicarse a dluciani@umaza.edu.ar, y para inscribirse, hacerlo con la oficina de Informes; tel&eacute;fono 4056240, informes@umaza.edu.ar.<\/p>\n<p>Organizan: Obra Social de los Empleados P&uacute;blicos (OSEP) y Facultad de Farmacia y Bioqu&iacute;mica (Universidad Maza).<\/p>\n<p>Auspician: CSL Behring, Colegio Farmac&eacute;utico de Mendoza, Laboratorios Bag&oacute;,&nbsp; C&aacute;mara de Farmacias de Mendoza, Asociaci&oacute;n Bioqu&iacute;mica de Mendoza.<\/p>\n<p>Adhieren: Sociedad Argentina de Pediatr&iacute;a, Incaimen, Centro Regional de Hemoterapia de Mendoza, Red Andina de Universidades, Universidad del Aconcagua, Universidad Cat&oacute;lica de Cuyo, Asociaci&oacute;n de Ayuda al Paciente con Inmunodeficiencia Primaria, Federaci&oacute;n Argentina de Enfermedades Poco Frecuentes, Universidad Abierta Interamericana, Universidad de Congreso, Universidad de Mendoza.<\/p>\n<p><strong>Cuid&aacute; tu salud<\/strong><\/p>\n<p>El 22 agosto, como actividad prejornadas, se realizar&aacute; una instancia de Prevenci&oacute;n y Salud en la Plaza Independencia, de 10 a 12.30. All&iacute; se abordar&aacute;n distintos aspectos de la vida de la comunidad, como alimentaci&oacute;n, h&aacute;bitos de consumo, enfermedades, actividad f&iacute;sica, etc.<\/p>\n<p>Entre las organizaciones que participar&aacute;n se encuentran OSEP, Fundaci&oacute;n De Todo Coraz&oacute;n, Centro Regional de Hemoterapia, Asociaci&oacute;n hagamos algo por los ni&ntilde;os con leucemia, Alianza Provincial para el fortalecimiento de los Donantes Voluntarios de Sangre y M&eacute;dula &Oacute;sea, Universidad Maza, con sus facultades de Educaci&oacute;n, Ciencias de la Nutrici&oacute;n, Farmacia y Bioqu&iacute;mica, Kinesiolog&iacute;a y Fisioterapia y su &aacute;rea de Universidad Saludable.<\/p>\n\n        <style type='text\/css'>\n            #gallery-1 {\n                margin: auto;\n            }\n            #gallery-1 .gallery-item {\n                float: left;\n                margin-top: 10px;\n\n                width: auto;}\n            #gallery-1 img {\n                border: 0px none;\n            }\n            #gallery-1 .gallery-caption {\n                margin-left: 0;\n            }\n        <\/style>\n<script>\njQuery(document).ready(function($) {\n  jQuery('div.gallery-item').hover(function(){\n     \/\/jQuery(this).fadeIn().siblings(':not(.modal)').fadeTo( 'slow' , 0.2);\n     jQuery(this).siblings(':not(.modal)').fadeTo( 'fast' , 0.2);\n     jQuery(this).fadeTo( 'slow' , 1);\n  },function(){\n     \/\/$(this).siblings().andSelf().fadeTo( 'slow' , 1);\n  });\n  jQuery('#gallery-1').on('mouseleave',function(){\n    jQuery('div.gallery-item').fadeTo( 'fast' , 1);\n  })\n});\n<\/script>\n        <!-- see gallery_shortcode() in wp-includes\/media.php -->\n        <h3>GALERIA<\/h3>\n        <div id='gallery-1' class='gallery galleryid-146662'><div class='gallery-item' data-toggle='modal' data-target='#146666' id='r146666'>\n            <dt class='gallery-icon'>\n                <a style='cursor:pointer;'><img width='150' height='150' src='https:\/\/www.mendoza.gov.ar\/wp-content\/uploads\/sites\/5\/2018\/08\/Cronograma-Jornadas-150x150.jpeg' class='attachment-thumbnail size-thumbnail' alt='' href=''><\/a>\n             <\/dt><\/div><div class=\"modal fade bs-example-modal-lg\" id=\"146666\" tabindex=\"-1\" role=\"dialog\" aria-labelledby=\"myModalLabel\">\n  <div class=\"modal-dialog modal-lg\" role=\"document\">\n    <div class=\"\">\n      <div class=\"modal-body\" style=\"text-align: center;\"><a href='https:\/\/www.mendoza.gov.ar\/prensa\/salvar-vidas-a-traves-de-la-medula-osea\/cronograma-jornadas\/'><img width=\"700\" height=\"369\" src=\"https:\/\/www.mendoza.gov.ar\/wp-content\/uploads\/sites\/5\/2018\/08\/Cronograma-Jornadas-700x369.jpeg\" class=\"attachment-large size-large\" alt=\"\" loading=\"lazy\" srcset=\"https:\/\/www.mendoza.gov.ar\/wp-content\/uploads\/sites\/5\/2018\/08\/Cronograma-Jornadas-700x369.jpeg 700w, https:\/\/www.mendoza.gov.ar\/wp-content\/uploads\/sites\/5\/2018\/08\/Cronograma-Jornadas-250x132.jpeg 250w, https:\/\/www.mendoza.gov.ar\/wp-content\/uploads\/sites\/5\/2018\/08\/Cronograma-Jornadas-768x404.jpeg 768w, https:\/\/www.mendoza.gov.ar\/wp-content\/uploads\/sites\/5\/2018\/08\/Cronograma-Jornadas-120x63.jpeg 120w, https:\/\/www.mendoza.gov.ar\/wp-content\/uploads\/sites\/5\/2018\/08\/Cronograma-Jornadas.jpeg 1280w\" sizes=\"(max-width: 700px) 100vw, 700px\" \/><\/a><a data-toggle=\"modal\" data-dismiss=\"modal\" data-target=\"#146666\"><i class=\"text-white fa fa-chevron-right fa-4x\"><\/i><\/a><\/div>\n    <\/div>\n  <\/div>\n<\/div>\n            <br style='clear: both;' \/>\n        <\/div>\n\n<\/body><\/html>\n","protected":false},"excerpt":{"rendered":"El 23 y 24 de agosto se realizar&aacute; en la provincia una capacitaci&oacute;n sobre trasplante de m&eacute;dula &oacute;sea (TMO). El &nbsp;mi&eacute;rcoles 22, como actividad prejornadas, se realizar&aacute; una instancia de Prevenci&oacute;n y Salud en la plaza Independencia de 10 a 12.30. Mendoza ser&aacute; sede de unas jornadas sobre trasplante de m&eacute;dula &oacute;sea, un tratamiento no&#8230; <a class=\"view-article\" href=\"https:\/\/www.mendoza.gov.ar\/prensa\/salvar-vidas-a-traves-de-la-medula-osea\/\"><\/a>","protected":false},"author":63,"featured_media":146664,"comment_status":"open","ping_status":"open","sticky":false,"template":"","format":"standard","meta":[],"categories":[30],"tags":[],"_links":{"self":[{"href":"https:\/\/www.mendoza.gov.ar\/prensa\/wp-json\/wp\/v2\/posts\/146662"}],"collection":[{"href":"https:\/\/www.mendoza.gov.ar\/prensa\/wp-json\/wp\/v2\/posts"}],"about":[{"href":"https:\/\/www.mendoza.gov.ar\/prensa\/wp-json\/wp\/v2\/types\/post"}],"author":[{"embeddable":true,"href":"https:\/\/www.mendoza.gov.ar\/prensa\/wp-json\/wp\/v2\/users\/63"}],"replies":[{"embeddable":true,"href":"https:\/\/www.mendoza.gov.ar\/prensa\/wp-json\/wp\/v2\/comments?post=146662"}],"version-history":[{"count":5,"href":"https:\/\/www.mendoza.gov.ar\/prensa\/wp-json\/wp\/v2\/posts\/146662\/revisions"}],"predecessor-version":[{"id":146680,"href":"https:\/\/www.mendoza.gov.ar\/prensa\/wp-json\/wp\/v2\/posts\/146662\/revisions\/146680"}],"wp:featuredmedia":[{"embeddable":true,"href":"https:\/\/www.mendoza.gov.ar\/prensa\/wp-json\/wp\/v2\/media\/146664"}],"wp:attachment":[{"href":"https:\/\/www.mendoza.gov.ar\/prensa\/wp-json\/wp\/v2\/media?parent=146662"}],"wp:term":[{"taxonomy":"category","embeddable":true,"href":"https:\/\/www.mendoza.gov.ar\/prensa\/wp-json\/wp\/v2\/categories?post=146662"},{"taxonomy":"post_tag","embeddable":true,"href":"https:\/\/www.mendoza.gov.ar\/prensa\/wp-json\/wp\/v2\/tags?post=146662"}],"curies":[{"name":"wp","href":"https:\/\/api.w.org\/{rel}","templated":true}]}}