{"id":14736,"date":"2011-12-05T00:00:00","date_gmt":"2011-12-05T00:00:00","guid":{"rendered":"http:\/\/prensa.wp2.mendoza.gov.ar\/?p=14736"},"modified":"2011-12-05T00:00:00","modified_gmt":"2011-12-05T00:00:00","slug":"deporte-abierto-festejo-un-ano-mas-junto-a-los-mendocinos","status":"publish","type":"post","link":"https:\/\/www.mendoza.gov.ar\/prensa\/deporte-abierto-festejo-un-ano-mas-junto-a-los-mendocinos\/","title":{"rendered":"Deporte Abierto festej\u00f3 un a\u00f1o m\u00e1s junto a los mendocinos"},"content":{"rendered":"<!DOCTYPE html PUBLIC \"-\/\/W3C\/\/DTD HTML 4.0 Transitional\/\/EN\" \"http:\/\/www.w3.org\/TR\/REC-html40\/loose.dtd\">\n<html><body><p>El tradicional programa &ldquo;Deporte Abierto&rdquo; convoca cuatro veces por semana a muchas familias mendocinas. Es un espacio deportivo-recreativo y gratuito de las distintas actividades que ofrecen los profesores de educaci&oacute;n f&iacute;sica de la Direcci&oacute;n de Promoci&oacute;n y Desarrollo Deportivo de la Secretar&iacute;a de Deportes. Est&aacute; coordinado por Gabriel Anea y Betiana Lampa, junto a un grupo de 20 personas compuesto por profesores, nutricionistas, docentes y ayudantes.<\/p>\n<p>El s&aacute;bado fue una tarde especial. El festejo del 21  aniversario se desarroll&oacute; con la participaci&oacute;n del grupo musical Los Tribunos, la tradicional clase de aer&oacute;bica, dos shows tem&aacute;ticos coreogr&aacute;ficos, fuegos artificiales y sorteos. La moto fue para Ram&oacute;n, participante de las actividades en el parque desde hace m&aacute;s de 15 a&ntilde;os<\/p>\n<p>El programa continuar&aacute; durante todo el verano con estos nuevos horarios:<\/p>\n<p>Marte: 18 a 20<\/p>\n<p>Jueves: 18 a 20<\/p>\n<p>S&aacute;bado: 18 a 20<\/p>\n<p>Domingos: 18 a 20<\/p>\n<p>Edici&oacute;n: Sandra Pizarro.<\/p>\n<\/body><\/html>\n","protected":false},"excerpt":{"rendered":"El tradicional programa &ldquo;Deporte Abierto&rdquo; convoca cuatro veces por semana a muchas familias mendocinas. Es un espacio deportivo-recreativo y gratuito de las distintas actividades que ofrecen los profesores de educaci&oacute;n f&iacute;sica de la Direcci&oacute;n de Promoci&oacute;n y Desarrollo Deportivo de la Secretar&iacute;a de Deportes. Est&aacute; coordinado por Gabriel Anea y Betiana Lampa, junto a un&#8230; <a class=\"view-article\" href=\"https:\/\/www.mendoza.gov.ar\/prensa\/deporte-abierto-festejo-un-ano-mas-junto-a-los-mendocinos\/\"><\/a>","protected":false},"author":3,"featured_media":0,"comment_status":"closed","ping_status":"open","sticky":false,"template":"","format":"standard","meta":[],"categories":[10],"tags":[],"_links":{"self":[{"href":"https:\/\/www.mendoza.gov.ar\/prensa\/wp-json\/wp\/v2\/posts\/14736"}],"collection":[{"href":"https:\/\/www.mendoza.gov.ar\/prensa\/wp-json\/wp\/v2\/posts"}],"about":[{"href":"https:\/\/www.mendoza.gov.ar\/prensa\/wp-json\/wp\/v2\/types\/post"}],"author":[{"embeddable":true,"href":"https:\/\/www.mendoza.gov.ar\/prensa\/wp-json\/wp\/v2\/users\/3"}],"replies":[{"embeddable":true,"href":"https:\/\/www.mendoza.gov.ar\/prensa\/wp-json\/wp\/v2\/comments?post=14736"}],"version-history":[{"count":0,"href":"https:\/\/www.mendoza.gov.ar\/prensa\/wp-json\/wp\/v2\/posts\/14736\/revisions"}],"wp:attachment":[{"href":"https:\/\/www.mendoza.gov.ar\/prensa\/wp-json\/wp\/v2\/media?parent=14736"}],"wp:term":[{"taxonomy":"category","embeddable":true,"href":"https:\/\/www.mendoza.gov.ar\/prensa\/wp-json\/wp\/v2\/categories?post=14736"},{"taxonomy":"post_tag","embeddable":true,"href":"https:\/\/www.mendoza.gov.ar\/prensa\/wp-json\/wp\/v2\/tags?post=14736"}],"curies":[{"name":"wp","href":"https:\/\/api.w.org\/{rel}","templated":true}]}}