{"id":14878,"date":"2011-08-23T00:00:00","date_gmt":"2011-08-23T00:00:00","guid":{"rendered":"http:\/\/prensa.wp2.mendoza.gov.ar\/?p=14878"},"modified":"2011-08-23T00:00:00","modified_gmt":"2011-08-23T00:00:00","slug":"trabajadores-sociales-debatiran-sobre-politicas-publicas-desde-manana","status":"publish","type":"post","link":"https:\/\/www.mendoza.gov.ar\/prensa\/trabajadores-sociales-debatiran-sobre-politicas-publicas-desde-manana\/","title":{"rendered":"Trabajadores sociales debatir\u00e1n sobre pol\u00edticas p\u00fablicas desde ma\u00f1ana"},"content":{"rendered":"<!DOCTYPE html PUBLIC \"-\/\/W3C\/\/DTD HTML 4.0 Transitional\/\/EN\" \"http:\/\/www.w3.org\/TR\/REC-html40\/loose.dtd\">\n<html><body><p>Organizado por la Federaci&oacute;n Internacional de Trabajo Social &ndash; Regi&oacute;n Latinoam&eacute;rica y Caribe; el Ministerio de Desarrollo Humano Familia y Comunidad; el Colegio de Profesionales de Trabajo Social y la Federaci&oacute;n de Entidades de Ni&ntilde;ez y Adolescencia de Mendoza se desarrollar&aacute; en Mendoza el Segundo Encuentro de Trabajadores Sociales de la Regi&oacute;n Latinoamericana y Caribe&ntilde;a <\/p>\n<p>Las actividades ocupar&aacute;n las salas Magna Juan Pablo II, &nbsp;Uspallata y &nbsp;Cacheuta del edificio del Centro de Congresos y Exposiciones Emilio Civit, situado en Peltier 611 de Ciudad. El Encuentro finalizar&aacute; el viernes a las 18.30 con la Reuni&oacute;n del Comit&eacute; Mercosur de Asociaciones Profesionales de Servicio Social en el Sal&oacute;n de los Pasos Perdidos, de la Legislatura Provincial.<\/p>\n<p>Se busca &nbsp;promover el debate cr&iacute;tico acerca del desarrollo del Trabajo Social en la Regi&oacute;n Latinoam&eacute;rica y Caribe y de las pol&iacute;ticas p&uacute;blicas que se llevan adelante. Adem&aacute;s, propone profundizar el debate para favorecer el fortalecimiento de los trabajadores sociales desde sus dimensiones te&oacute;rica, &eacute;tica, pol&iacute;tica, ideol&oacute;gica y pr&aacute;ctica para provocar una transformaci&oacute;n social centrada en la efectivizaci&oacute;n de los derechos humanos.<\/p>\n<p>Los ejes sobre los cuales se trabajar&aacute; son:<\/p>\n<p>&bull; Pol&iacute;ticas P&uacute;blicas desarrolladas en la regi&oacute;n, de gesti&oacute;n estatal y gesti&oacute;n privada, perspectivas, obst&aacute;culos y posibilidades.<\/p>\n<p>&bull; Condiciones laborales de los Trabajadores Sociales latinoamericanos y caribe&ntilde;os e impacto en el desarrollo de las pol&iacute;ticas publicas: perspectivas, obst&aacute;culos y posibilidades.<\/p>\n<p>&bull; La perspectiva de derechos en el dise&ntilde;o, implementaci&oacute;n y evaluaci&oacute;n de pol&iacute;ticas p&uacute;blicas.<\/p>\n<p>&bull; Agenda com&uacute;n del trabajo social mundial y desarrollo en la regi&oacute;n (construcci&oacute;n colectiva del trabajo social a nivel mundial y regional, apropiaci&oacute;n de la agenda mundial, espacios de socializaci&oacute;n).<\/p>\n<p>&bull; Organizaci&oacute;n colectiva de los diferentes pa&iacute;ses, sobre la realidad del contexto de sus pa&iacute;ses.<\/p>\n<p>Adem&aacute;s, est&aacute; prevista el desarrollo de conclusiones y orientaciones a seguir en torno a condiciones laborales e impacto en el desarrollo de pol&iacute;ticas p&uacute;blicas.<\/p>\n<p>Edici&oacute;n: Sandra Pizarro.<\/p>\n<\/body><\/html>\n","protected":false},"excerpt":{"rendered":"Organizado por la Federaci&oacute;n Internacional de Trabajo Social &ndash; Regi&oacute;n Latinoam&eacute;rica y Caribe; el Ministerio de Desarrollo Humano Familia y Comunidad; el Colegio de Profesionales de Trabajo Social y la Federaci&oacute;n de Entidades de Ni&ntilde;ez y Adolescencia de Mendoza se desarrollar&aacute; en Mendoza el Segundo Encuentro de Trabajadores Sociales de la Regi&oacute;n Latinoamericana y Caribe&ntilde;a&#8230; <a class=\"view-article\" href=\"https:\/\/www.mendoza.gov.ar\/prensa\/trabajadores-sociales-debatiran-sobre-politicas-publicas-desde-manana\/\"><\/a>","protected":false},"author":3,"featured_media":0,"comment_status":"closed","ping_status":"open","sticky":false,"template":"","format":"standard","meta":[],"categories":[11],"tags":[],"_links":{"self":[{"href":"https:\/\/www.mendoza.gov.ar\/prensa\/wp-json\/wp\/v2\/posts\/14878"}],"collection":[{"href":"https:\/\/www.mendoza.gov.ar\/prensa\/wp-json\/wp\/v2\/posts"}],"about":[{"href":"https:\/\/www.mendoza.gov.ar\/prensa\/wp-json\/wp\/v2\/types\/post"}],"author":[{"embeddable":true,"href":"https:\/\/www.mendoza.gov.ar\/prensa\/wp-json\/wp\/v2\/users\/3"}],"replies":[{"embeddable":true,"href":"https:\/\/www.mendoza.gov.ar\/prensa\/wp-json\/wp\/v2\/comments?post=14878"}],"version-history":[{"count":0,"href":"https:\/\/www.mendoza.gov.ar\/prensa\/wp-json\/wp\/v2\/posts\/14878\/revisions"}],"wp:attachment":[{"href":"https:\/\/www.mendoza.gov.ar\/prensa\/wp-json\/wp\/v2\/media?parent=14878"}],"wp:term":[{"taxonomy":"category","embeddable":true,"href":"https:\/\/www.mendoza.gov.ar\/prensa\/wp-json\/wp\/v2\/categories?post=14878"},{"taxonomy":"post_tag","embeddable":true,"href":"https:\/\/www.mendoza.gov.ar\/prensa\/wp-json\/wp\/v2\/tags?post=14878"}],"curies":[{"name":"wp","href":"https:\/\/api.w.org\/{rel}","templated":true}]}}