{"id":15073,"date":"2011-07-15T00:00:00","date_gmt":"2011-07-15T00:00:00","guid":{"rendered":"http:\/\/prensa.wp2.mendoza.gov.ar\/?p=15073"},"modified":"2011-07-15T00:00:00","modified_gmt":"2011-07-15T00:00:00","slug":"dia-del-penitenciario-el-desafio-hoy-es-adecuarse-a-las-nuevas-tecnicas-delictivas","status":"publish","type":"post","link":"https:\/\/www.mendoza.gov.ar\/prensa\/dia-del-penitenciario-el-desafio-hoy-es-adecuarse-a-las-nuevas-tecnicas-delictivas\/","title":{"rendered":"D\u00eda del Penitenciario: el desaf\u00edo hoy es adecuarse a las nuevas t\u00e9cnicas delictivas"},"content":{"rendered":"<!DOCTYPE html PUBLIC \"-\/\/W3C\/\/DTD HTML 4.0 Transitional\/\/EN\" \"http:\/\/www.w3.org\/TR\/REC-html40\/loose.dtd\">\n<html><body><p>El Ministerio de Gobierno, Justicia y Derechos Humanos realiz&oacute; hoy la celebraci&oacute;n del D&iacute;a del Penitenciario cuya fecha formal es el 16 de julio en homenaje a su Patrona, la Virgen del Carmen. El acto se realiz&oacute; en el Campus de la Universidad de Mendoza, situado en Boulogne y Lencinas de Ciudad, y comenz&oacute; con un desfile acompa&ntilde;ado por la banda de m&uacute;sica del Servicio Penitenciario y un homenaje a la memoria del agente fallecido esta semana, Leonardo Segura.<\/p>\n<p>Hubo un reconocimiento a los agentes que participaron en la negociaci&oacute;n del &uacute;ltimo mot&iacute;n ocurrido en la c&aacute;rcel de Almafuerte.<\/p>\n<p>El ministro de Gobierno, F&eacute;lix Gonz&aacute;lez dijo que &ldquo;es importante que la sociedad conozca el trabajo de los agentes penitenciarios. Es una tarea riesgosa y delicada, que requiere de mucho equilibrio psicof&iacute;sico. Nuestra pol&iacute;tica est&aacute; destinada a capacitarlos, porque deben adecuarse a las nuevas t&eacute;cnicas delictivas, que desarrollan los que est&aacute;n fuera de la ley.<\/p>\n<p>Por su parte el director General del Servicio Penitenciario, Sebasti&aacute;n Sarmiento puso en valor el trabajo diario de los agentes penitenciarios, se&ntilde;alando que &ldquo;es un orgullo ser parte de esta fuerza, compartir el sacrificio, la entrega y la lealtad de cada uno&rdquo;. Y agreg&oacute;: &ldquo;Estamos atravesando una transformaci&oacute;n. Nuestro objetivo es cumplir con los derechos humanos, ser una fuerza moderna, eficiente, capacitada y a la altura de las diferentes circunstancias&rdquo;.<\/p>\n<p>Del acto participaron el ministro de Gobierno, Justicia y Derechos Humanos, F&eacute;lix Gonz&aacute;lez; el ministro de Desarrollo Humano, Familia y Comunidad, Carlos Ciurca; el subsecretario de Justicia y Derechos Humanos, Carlos Quiroga Nanclares; el director del Servicio Penitenciario, Sebasti&aacute;n Sarmiento; el juez de Instrucci&oacute;n Penal, F&eacute;lix Mathus, y los directores de todos los penales de la provincia.<\/p>\n<p>Edici&oacute;n: Sandra Pizarro.<\/p>\n<\/body><\/html>\n","protected":false},"excerpt":{"rendered":"El Ministerio de Gobierno, Justicia y Derechos Humanos realiz&oacute; hoy la celebraci&oacute;n del D&iacute;a del Penitenciario cuya fecha formal es el 16 de julio en homenaje a su Patrona, la Virgen del Carmen. El acto se realiz&oacute; en el Campus de la Universidad de Mendoza, situado en Boulogne y Lencinas de Ciudad, y comenz&oacute; con&#8230; <a class=\"view-article\" href=\"https:\/\/www.mendoza.gov.ar\/prensa\/dia-del-penitenciario-el-desafio-hoy-es-adecuarse-a-las-nuevas-tecnicas-delictivas\/\"><\/a>","protected":false},"author":3,"featured_media":0,"comment_status":"closed","ping_status":"open","sticky":false,"template":"","format":"standard","meta":[],"categories":[20],"tags":[],"_links":{"self":[{"href":"https:\/\/www.mendoza.gov.ar\/prensa\/wp-json\/wp\/v2\/posts\/15073"}],"collection":[{"href":"https:\/\/www.mendoza.gov.ar\/prensa\/wp-json\/wp\/v2\/posts"}],"about":[{"href":"https:\/\/www.mendoza.gov.ar\/prensa\/wp-json\/wp\/v2\/types\/post"}],"author":[{"embeddable":true,"href":"https:\/\/www.mendoza.gov.ar\/prensa\/wp-json\/wp\/v2\/users\/3"}],"replies":[{"embeddable":true,"href":"https:\/\/www.mendoza.gov.ar\/prensa\/wp-json\/wp\/v2\/comments?post=15073"}],"version-history":[{"count":0,"href":"https:\/\/www.mendoza.gov.ar\/prensa\/wp-json\/wp\/v2\/posts\/15073\/revisions"}],"wp:attachment":[{"href":"https:\/\/www.mendoza.gov.ar\/prensa\/wp-json\/wp\/v2\/media?parent=15073"}],"wp:term":[{"taxonomy":"category","embeddable":true,"href":"https:\/\/www.mendoza.gov.ar\/prensa\/wp-json\/wp\/v2\/categories?post=15073"},{"taxonomy":"post_tag","embeddable":true,"href":"https:\/\/www.mendoza.gov.ar\/prensa\/wp-json\/wp\/v2\/tags?post=15073"}],"curies":[{"name":"wp","href":"https:\/\/api.w.org\/{rel}","templated":true}]}}