{"id":15074,"date":"2011-07-15T00:00:00","date_gmt":"2011-07-15T00:00:00","guid":{"rendered":"http:\/\/prensa.wp2.mendoza.gov.ar\/?p=15074"},"modified":"2011-07-15T00:00:00","modified_gmt":"2011-07-15T00:00:00","slug":"felix-gonzalez-insto-a-la-tenencia-responsable-de-perros-peligrosos","status":"publish","type":"post","link":"https:\/\/www.mendoza.gov.ar\/prensa\/felix-gonzalez-insto-a-la-tenencia-responsable-de-perros-peligrosos\/","title":{"rendered":"F\u00e9lix Gonz\u00e1lez inst\u00f3 a la tenencia responsable de perros peligrosos"},"content":{"rendered":"<!DOCTYPE html PUBLIC \"-\/\/W3C\/\/DTD HTML 4.0 Transitional\/\/EN\" \"http:\/\/www.w3.org\/TR\/REC-html40\/loose.dtd\">\n<html><body><p>El ministro de Gobierno, Justicia y Derechos Humanos, F&eacute;lix Gonz&aacute;lez, afirm&oacute; que la Ley 7633 sobre tenencia de canes peligrosos no resuelve el problema de fondo de los ataques de esos animales. &ldquo;Debe haber una norma legal m&aacute;s precisa que sea muy estricta, con los responsables de la tenencia del animal&rdquo;, enfatiz&oacute;.<\/p>\n<p>&ldquo;La ley actual tiene fallas &ndash;agreg&oacute;- y con respecto a su reglamentaci&oacute;n, manifest&oacute; que fue aprobada en diciembre de 2006 y nunca reglamentada por el gobierno de Julio Cobos y de Juan Carlos Jaliff&rdquo;. Con respecto al texto de la Ley 7633 se&ntilde;al&oacute; que crea un &ldquo;registro civil de perros, genera burocracia, obliga a la gente a ir a inscribirlos, pagar para que identifiquen a sus mascotas cuando se debe apuntar a los tenedores, a los due&ntilde;os de esos perros que son los m&aacute;s costosos. Deben ser responsables de la tenencia de esos animales, para que -en caso de que ataquen- caigan sobre ellos las acciones civiles y penales&rdquo;.<\/p>\n<p>&ldquo;Hay que cambiar la ley &ndash;dijo Gonz&aacute;lez- y el diputado Alberto Recabarren est&aacute; trabajando con otros legisladores y asociaciones de animales y criadores para sacar una norma m&aacute;s integral que sancione a los due&ntilde;os descuidados e irresponsables e incorpore otros art&iacute;culos&rdquo;. Tambi&eacute;n agreg&oacute; que se trabajar&aacute; con los municipios que son quienes aplican la ley para coordinar mejor su accionar.<\/p>\n<p>El ministro de Gobierno llam&oacute; a la reflexi&oacute;n a los propietarios de esos perros peligrosos que &ldquo;quedan atrapados en graves problemas porque esos mismos canes pueden atacar a un familiar o a un ser querido y las heridas son irreparables&rdquo;.<\/p>\n<p>Edici&oacute;n: Sandra Pizarro.<\/p>\n<p><\/p>\n<\/body><\/html>\n","protected":false},"excerpt":{"rendered":"El ministro de Gobierno, Justicia y Derechos Humanos, F&eacute;lix Gonz&aacute;lez, afirm&oacute; que la Ley 7633 sobre tenencia de canes peligrosos no resuelve el problema de fondo de los ataques de esos animales. &ldquo;Debe haber una norma legal m&aacute;s precisa que sea muy estricta, con los responsables de la tenencia del animal&rdquo;, enfatiz&oacute;. &ldquo;La ley actual&#8230; <a class=\"view-article\" href=\"https:\/\/www.mendoza.gov.ar\/prensa\/felix-gonzalez-insto-a-la-tenencia-responsable-de-perros-peligrosos\/\"><\/a>","protected":false},"author":3,"featured_media":0,"comment_status":"closed","ping_status":"open","sticky":false,"template":"","format":"standard","meta":[],"categories":[20],"tags":[],"_links":{"self":[{"href":"https:\/\/www.mendoza.gov.ar\/prensa\/wp-json\/wp\/v2\/posts\/15074"}],"collection":[{"href":"https:\/\/www.mendoza.gov.ar\/prensa\/wp-json\/wp\/v2\/posts"}],"about":[{"href":"https:\/\/www.mendoza.gov.ar\/prensa\/wp-json\/wp\/v2\/types\/post"}],"author":[{"embeddable":true,"href":"https:\/\/www.mendoza.gov.ar\/prensa\/wp-json\/wp\/v2\/users\/3"}],"replies":[{"embeddable":true,"href":"https:\/\/www.mendoza.gov.ar\/prensa\/wp-json\/wp\/v2\/comments?post=15074"}],"version-history":[{"count":0,"href":"https:\/\/www.mendoza.gov.ar\/prensa\/wp-json\/wp\/v2\/posts\/15074\/revisions"}],"wp:attachment":[{"href":"https:\/\/www.mendoza.gov.ar\/prensa\/wp-json\/wp\/v2\/media?parent=15074"}],"wp:term":[{"taxonomy":"category","embeddable":true,"href":"https:\/\/www.mendoza.gov.ar\/prensa\/wp-json\/wp\/v2\/categories?post=15074"},{"taxonomy":"post_tag","embeddable":true,"href":"https:\/\/www.mendoza.gov.ar\/prensa\/wp-json\/wp\/v2\/tags?post=15074"}],"curies":[{"name":"wp","href":"https:\/\/api.w.org\/{rel}","templated":true}]}}