{"id":15267,"date":"2011-07-28T00:00:00","date_gmt":"2011-07-28T00:00:00","guid":{"rendered":"http:\/\/prensa.wp2.mendoza.gov.ar\/?p=15267"},"modified":"2011-07-28T00:00:00","modified_gmt":"2011-07-28T00:00:00","slug":"el-gobierno-llamo-a-licitacion-para-un-emprestito-publico","status":"publish","type":"post","link":"https:\/\/www.mendoza.gov.ar\/prensa\/el-gobierno-llamo-a-licitacion-para-un-emprestito-publico\/","title":{"rendered":"El Gobierno llam\u00f3 a licitaci\u00f3n para un empr\u00e9stito p\u00fablico"},"content":{"rendered":"<!DOCTYPE html PUBLIC \"-\/\/W3C\/\/DTD HTML 4.0 Transitional\/\/EN\" \"http:\/\/www.w3.org\/TR\/REC-html40\/loose.dtd\">\n<html><body><p>El Gobierno anunci&oacute; hoy la licitaci&oacute;n p&uacute;blica para contratar un empr&eacute;stito p&uacute;blico. La apertura de las ofertas est&aacute; prevista para el 19 de agosto en la Direcci&oacute;n de Compras y Suministros. El monto oficial, que est&aacute; contemplado en el presupuesto 2011, es de 431.601.252 pesos.<\/p>\n<p>El subsecretario de Financiamiento, Pablo Frigol&eacute;, indic&oacute; que se decidi&oacute; tomar &ldquo;el total autorizado previsto en la ley de presupuesto 2011&rdquo;. El empr&eacute;stito ser&aacute; destinado a financiar las necesidades de obras, bienes de capital y funcionamiento del Estado previstas en el presupuesto.<\/p>\n<p>Frigol&eacute; explic&oacute; que se &ldquo;trabajar&aacute; con cr&eacute;ditos bilaterales, no con t&iacute;tulos internacionales, teniendo en cuenta la volatilidad actual de los mercados&rdquo;. En este punto, aludi&oacute; a la situaci&oacute;n  de posible default de Estados Unidos. Asimismo, explic&oacute; que &ldquo;no recibimos ofertas de intermediarios sino solamente de entidades financieras directas, con la propuesta completa&rdquo;.<\/p>\n<p>Situaci&oacute;n de la deuda<\/p>\n<p>Frigol&eacute; explic&oacute; que &ldquo;la solvencia de la provincia es buena, tengamos en cuenta que la relaci&oacute;n Deuda-PBG (producto bruto geogr&aacute;fico) est&aacute; en 8,8%&rdquo;. El funcionario record&oacute; el impacto positivo del Programa Federal de Desendeudamiento al que accedieron las provincias argentinas, que para Mendoza signific&oacute; una reducci&oacute;n de la deuda en 432 millones de pesos.<\/p>\n<p>Frigl&eacute; afirm&oacute; que &ldquo;la relaci&oacute;n deuda &ndash; PBG es positiva&rdquo;.<\/p>\n<p>La apertura de las ofertas ser&aacute; el viernes 19 de agosto. Luego, la comisi&oacute;n de preadjudicaci&oacute;n  proceder&aacute; a adjudicar el financiamiento, constituir la garant&iacute;a de adjudicaci&oacute;n e instrumentar los contratos y autorizaciones pertinentes.<\/p>\n<\/body><\/html>\n","protected":false},"excerpt":{"rendered":"El Gobierno anunci&oacute; hoy la licitaci&oacute;n p&uacute;blica para contratar un empr&eacute;stito p&uacute;blico. La apertura de las ofertas est&aacute; prevista para el 19 de agosto en la Direcci&oacute;n de Compras y Suministros. El monto oficial, que est&aacute; contemplado en el presupuesto 2011, es de 431.601.252 pesos. El subsecretario de Financiamiento, Pablo Frigol&eacute;, indic&oacute; que se decidi&oacute;&#8230; <a class=\"view-article\" href=\"https:\/\/www.mendoza.gov.ar\/prensa\/el-gobierno-llamo-a-licitacion-para-un-emprestito-publico\/\"><\/a>","protected":false},"author":3,"featured_media":0,"comment_status":"closed","ping_status":"open","sticky":false,"template":"","format":"standard","meta":[],"categories":[21],"tags":[],"_links":{"self":[{"href":"https:\/\/www.mendoza.gov.ar\/prensa\/wp-json\/wp\/v2\/posts\/15267"}],"collection":[{"href":"https:\/\/www.mendoza.gov.ar\/prensa\/wp-json\/wp\/v2\/posts"}],"about":[{"href":"https:\/\/www.mendoza.gov.ar\/prensa\/wp-json\/wp\/v2\/types\/post"}],"author":[{"embeddable":true,"href":"https:\/\/www.mendoza.gov.ar\/prensa\/wp-json\/wp\/v2\/users\/3"}],"replies":[{"embeddable":true,"href":"https:\/\/www.mendoza.gov.ar\/prensa\/wp-json\/wp\/v2\/comments?post=15267"}],"version-history":[{"count":0,"href":"https:\/\/www.mendoza.gov.ar\/prensa\/wp-json\/wp\/v2\/posts\/15267\/revisions"}],"wp:attachment":[{"href":"https:\/\/www.mendoza.gov.ar\/prensa\/wp-json\/wp\/v2\/media?parent=15267"}],"wp:term":[{"taxonomy":"category","embeddable":true,"href":"https:\/\/www.mendoza.gov.ar\/prensa\/wp-json\/wp\/v2\/categories?post=15267"},{"taxonomy":"post_tag","embeddable":true,"href":"https:\/\/www.mendoza.gov.ar\/prensa\/wp-json\/wp\/v2\/tags?post=15267"}],"curies":[{"name":"wp","href":"https:\/\/api.w.org\/{rel}","templated":true}]}}