{"id":15287,"date":"2011-11-29T00:00:00","date_gmt":"2011-11-29T00:00:00","guid":{"rendered":"http:\/\/prensa.wp2.mendoza.gov.ar\/?p=15287"},"modified":"2011-11-29T00:00:00","modified_gmt":"2011-11-29T00:00:00","slug":"telefonia-movil-el-nuevo-contrato-ampliara-la-cobertura-y-reducira-costos","status":"publish","type":"post","link":"https:\/\/www.mendoza.gov.ar\/prensa\/telefonia-movil-el-nuevo-contrato-ampliara-la-cobertura-y-reducira-costos\/","title":{"rendered":"Telefon\u00eda m\u00f3vil: El nuevo contrato ampliar\u00e1 la cobertura y reducir\u00e1 costos"},"content":{"rendered":"<!DOCTYPE html PUBLIC \"-\/\/W3C\/\/DTD HTML 4.0 Transitional\/\/EN\" \"http:\/\/www.w3.org\/TR\/REC-html40\/loose.dtd\">\n<html><body><p>Uno de los principales beneficios de la nueva licitaci&oacute;n es la ampliaci&oacute;n de las &aacute;reas de cobertura. &ldquo;La empresa brindar&aacute; cobertura en 22 nuevas zonas de la provincia. Es un hecho hist&oacute;rico que beneficiar&aacute; la gesti&oacute;n de gobierno, el sector tur&iacute;stico y a todos los mendocinos&rdquo;, asegur&oacute; la directora de Inform&aacute;tica, Fernanda Toledo.<\/p>\n<p>La empresa Claro prestar&aacute; 48 meses de servicio de telefon&iacute;a m&oacute;vil para el Gobierno. Desde la semana pr&oacute;xima comenzar&aacute; el recambio de 6.000 equipos (3.000 tel&eacute;fonos estar&aacute;n destinados a la red solidaria de Seguridad, 2.700 para personal de planta con cargo jer&aacute;rquico y 300 para funcionarios).<\/p>\n<p>El nuevo servicio permitir&aacute; que toda la flota de celulares del Gobierno se comunique gratis con los tel&eacute;fonos fijos de la Administraci&oacute;n Central. Tambi&eacute;n, continuar&aacute;n las llamadas sin costo entre los tel&eacute;fonos celulares oficiales.<\/p>\n<p>Con el nuevo sistema, el Gobierno lograr&aacute; una reducci&oacute;n del 8% en el costo del servicio de datos y un ahorro de $109.000 por el servicio de Interfaz Celular.<\/p>\n<p>La directora de Inform&aacute;tica y Comunicaciones explic&oacute; que &ldquo;el sistema TETRA de la Polic&iacute;a podr&aacute; ubicar su equipamiento en las torres de la empresa Claro, ampliando notablemente la cobertura del sistema de comunicaciones de seguridad. Este es un beneficio muy importante de la nueva adjudicaci&oacute;n&rdquo;, asegur&oacute;.<\/p>\n<p>Beneficios del nuevo sistema<\/p>\n<p>-Ampliaci&oacute;n del &aacute;rea de cobertura: 22 nuevas zonas en el territorio provincial.<\/p>\n<p>-Mejora de las caracter&iacute;sticas de los servicios al solicitar nuevas funcionalidades.<\/p>\n<p>-Incorporaci&oacute;n de un stock de equipos para reposici&oacute;n inmediata en caso de falla o robo.<\/p>\n<p>-El sistema TETRA de la polic&iacute;a podr&aacute; ubicar su equipamiento en las torres de la empresa Claro para ampliar su cobertura<\/p>\n<p>-Renovaci&oacute;n del parque de aparatos con equipos de &uacute;ltima tecnolog&iacute;a.<\/p>\n<\/body><\/html>\n","protected":false},"excerpt":{"rendered":"Uno de los principales beneficios de la nueva licitaci&oacute;n es la ampliaci&oacute;n de las &aacute;reas de cobertura. &ldquo;La empresa brindar&aacute; cobertura en 22 nuevas zonas de la provincia. Es un hecho hist&oacute;rico que beneficiar&aacute; la gesti&oacute;n de gobierno, el sector tur&iacute;stico y a todos los mendocinos&rdquo;, asegur&oacute; la directora de Inform&aacute;tica, Fernanda Toledo. La empresa&#8230; <a class=\"view-article\" href=\"https:\/\/www.mendoza.gov.ar\/prensa\/telefonia-movil-el-nuevo-contrato-ampliara-la-cobertura-y-reducira-costos\/\"><\/a>","protected":false},"author":3,"featured_media":0,"comment_status":"closed","ping_status":"open","sticky":false,"template":"","format":"standard","meta":[],"categories":[21],"tags":[],"_links":{"self":[{"href":"https:\/\/www.mendoza.gov.ar\/prensa\/wp-json\/wp\/v2\/posts\/15287"}],"collection":[{"href":"https:\/\/www.mendoza.gov.ar\/prensa\/wp-json\/wp\/v2\/posts"}],"about":[{"href":"https:\/\/www.mendoza.gov.ar\/prensa\/wp-json\/wp\/v2\/types\/post"}],"author":[{"embeddable":true,"href":"https:\/\/www.mendoza.gov.ar\/prensa\/wp-json\/wp\/v2\/users\/3"}],"replies":[{"embeddable":true,"href":"https:\/\/www.mendoza.gov.ar\/prensa\/wp-json\/wp\/v2\/comments?post=15287"}],"version-history":[{"count":0,"href":"https:\/\/www.mendoza.gov.ar\/prensa\/wp-json\/wp\/v2\/posts\/15287\/revisions"}],"wp:attachment":[{"href":"https:\/\/www.mendoza.gov.ar\/prensa\/wp-json\/wp\/v2\/media?parent=15287"}],"wp:term":[{"taxonomy":"category","embeddable":true,"href":"https:\/\/www.mendoza.gov.ar\/prensa\/wp-json\/wp\/v2\/categories?post=15287"},{"taxonomy":"post_tag","embeddable":true,"href":"https:\/\/www.mendoza.gov.ar\/prensa\/wp-json\/wp\/v2\/tags?post=15287"}],"curies":[{"name":"wp","href":"https:\/\/api.w.org\/{rel}","templated":true}]}}