{"id":15352,"date":"2011-06-25T00:00:00","date_gmt":"2011-06-25T00:00:00","guid":{"rendered":"http:\/\/prensa.wp2.mendoza.gov.ar\/?p=15352"},"modified":"2011-06-25T00:00:00","modified_gmt":"2011-06-25T00:00:00","slug":"el-cuerpo-de-infanteria-de-la-policia-de-mendoza-festejo-su-aniversario","status":"publish","type":"post","link":"https:\/\/www.mendoza.gov.ar\/prensa\/el-cuerpo-de-infanteria-de-la-policia-de-mendoza-festejo-su-aniversario\/","title":{"rendered":"El Cuerpo de Infanter\u00eda de la Polic\u00eda de Mendoza festej\u00f3 su aniversario"},"content":{"rendered":"<!DOCTYPE html PUBLIC \"-\/\/W3C\/\/DTD HTML 4.0 Transitional\/\/EN\" \"http:\/\/www.w3.org\/TR\/REC-html40\/loose.dtd\">\n<html><body><p>La Banda de la polic&iacute;a &ldquo;Cabo 1&ordm; Gustavo Ramet&rdquo; interpret&oacute; el Himno Nacional y la marcha de la polic&iacute;a. Luego el festejo tuvo su lado amable cuando alumnos de la Escuela Cuerpo de Infanter&iacute;a Gral. Manuel Belgrano hicieron la promesa de lealtad a la Bandera Nacional. A continuaci&oacute;n se entregaron reconocimientos al personal que se destacaron en el cumplimiento de sus funciones&ldquo;.<\/p>\n<p>El ministro de la cartera de seguridad agradeci&oacute; la tarea desempe&ntilde;ada por el personal de Infanter&iacute;a que ha dicho presente en todas las ocasiones en que se les requiri&oacute; sin restar vocaci&oacute;n a pesar de lo duro de la especialidad. Aranda hizo hincapi&eacute; en la importancia de este cuerpo y agreg&oacute;: &ldquo;esta gesti&oacute;n de gobierno ha dado un apoyo permanente que se ve reflejado en el incremento de equipamientos, de m&oacute;viles, incluso prestando atenci&oacute;n a los ascensos como un reconocimiento a la labor desempe&ntilde;ada. Estamos del lado de los polic&iacute;as y sentimos el respaldo desde los auxiliares m&aacute;s nuevos hasta los m&aacute;s altos jefes, por todo ello les decimos gracias&rdquo;.<\/p>\n<p>Para terminar estos festejos se realiz&oacute; un desfile en el que participaron los Cuerpos de polic&iacute;a presentes. Para finalizar se invit&oacute; a los presentes a compartir un plato caliente en las dependencias del Cuerpo de Infanter&iacute;a ubicadas en Rodriguez y Sargento Cabral de Ciudad.<\/p>\n<\/body><\/html>\n","protected":false},"excerpt":{"rendered":"La Banda de la polic&iacute;a &ldquo;Cabo 1&ordm; Gustavo Ramet&rdquo; interpret&oacute; el Himno Nacional y la marcha de la polic&iacute;a. Luego el festejo tuvo su lado amable cuando alumnos de la Escuela Cuerpo de Infanter&iacute;a Gral. Manuel Belgrano hicieron la promesa de lealtad a la Bandera Nacional. A continuaci&oacute;n se entregaron reconocimientos al personal que se&#8230; <a class=\"view-article\" href=\"https:\/\/www.mendoza.gov.ar\/prensa\/el-cuerpo-de-infanteria-de-la-policia-de-mendoza-festejo-su-aniversario\/\"><\/a>","protected":false},"author":3,"featured_media":0,"comment_status":"closed","ping_status":"open","sticky":false,"template":"","format":"standard","meta":[],"categories":[33],"tags":[],"_links":{"self":[{"href":"https:\/\/www.mendoza.gov.ar\/prensa\/wp-json\/wp\/v2\/posts\/15352"}],"collection":[{"href":"https:\/\/www.mendoza.gov.ar\/prensa\/wp-json\/wp\/v2\/posts"}],"about":[{"href":"https:\/\/www.mendoza.gov.ar\/prensa\/wp-json\/wp\/v2\/types\/post"}],"author":[{"embeddable":true,"href":"https:\/\/www.mendoza.gov.ar\/prensa\/wp-json\/wp\/v2\/users\/3"}],"replies":[{"embeddable":true,"href":"https:\/\/www.mendoza.gov.ar\/prensa\/wp-json\/wp\/v2\/comments?post=15352"}],"version-history":[{"count":0,"href":"https:\/\/www.mendoza.gov.ar\/prensa\/wp-json\/wp\/v2\/posts\/15352\/revisions"}],"wp:attachment":[{"href":"https:\/\/www.mendoza.gov.ar\/prensa\/wp-json\/wp\/v2\/media?parent=15352"}],"wp:term":[{"taxonomy":"category","embeddable":true,"href":"https:\/\/www.mendoza.gov.ar\/prensa\/wp-json\/wp\/v2\/categories?post=15352"},{"taxonomy":"post_tag","embeddable":true,"href":"https:\/\/www.mendoza.gov.ar\/prensa\/wp-json\/wp\/v2\/tags?post=15352"}],"curies":[{"name":"wp","href":"https:\/\/api.w.org\/{rel}","templated":true}]}}