{"id":15431,"date":"2011-10-31T00:00:00","date_gmt":"2011-10-31T00:00:00","guid":{"rendered":"http:\/\/prensa.wp2.mendoza.gov.ar\/?p=15431"},"modified":"2011-10-31T00:00:00","modified_gmt":"2011-10-31T00:00:00","slug":"mendoza-integra-la-campana-de-promocion-turistica-argentina-en-subte","status":"publish","type":"post","link":"https:\/\/www.mendoza.gov.ar\/prensa\/mendoza-integra-la-campana-de-promocion-turistica-argentina-en-subte\/","title":{"rendered":"Mendoza integra la campa\u00f1a de promoci\u00f3n tur\u00edstica \u201cArgentina en Subte\u201d"},"content":{"rendered":"<!DOCTYPE html PUBLIC \"-\/\/W3C\/\/DTD HTML 4.0 Transitional\/\/EN\" \"http:\/\/www.w3.org\/TR\/REC-html40\/loose.dtd\">\n<html><body><p>El encuentro se realiz&oacute; en el hall de la Estaci&oacute;n Congreso de Tucum&aacute;n de la  L&iacute;nea D, con la presencia del ministro de Turismo de la Naci&oacute;n, Enrique Meyer, funcionarios provinciales, los secretarios de turismo de cada regi&oacute;n, entre ellos el secretario de turismo de Mendoza, Luis B&ouml;hm, y representantes de organismos vinculados al sector tur&iacute;stico.<\/p>\n\n<p>La comitiva recorri&oacute; cinco paradas de subte de la l&iacute;nea D. Cada una tiene como eje el turismo de una regi&oacute;n del pa&iacute;s y se distribuyen por estaci&oacute;n del siguiente modo: estaci&oacute;n Congreso de Tucum&aacute;n, Regi&oacute;n Tur&iacute;stica Patagonia; Juramento, regi&oacute;n Tur&iacute;stica Norte; Jos&eacute; Hern&aacute;ndez, Regi&oacute;n Tur&iacute;stica Litoral; Olleros, Regi&oacute;n Tur&iacute;stica Cuyo; estaci&oacute;n 9 de Julio\/Diagonal Norte, regiones Tur&iacute;sticas Buenos Aires y C&oacute;rdoba.<\/p>\n\n<p>Se trata de una gran puesta tem&aacute;tica, consistente en n&uacute;cleos escult&oacute;ricos, en la cual Mendoza participa como parte de la campa&ntilde;a de promoci&oacute;n Tur&iacute;stica &ldquo;Argentina en subte&rdquo;. La muestra ser&aacute; un atractivo para los miles de usuarios de la l&iacute;nea D de subtes de la estaci&oacute;n Olleros, que podr&aacute;n observar los atractivos de Mendoza diariamente durante un mes.<\/p>\n\n<p>B&ouml;hm  indic&oacute; al respecto: &ldquo;Esta iniciativa cumple con la funci&oacute;n de estimular a las personas para conocer nuestro pa&iacute;s y viajar por la Argentina, es importante poder promocionar los distintos destinos&rdquo;. El funcionario asegur&oacute; estar &ldquo;orgulloso de poder exhibir con hermosas gigantogr&aacute;fias de Mendoza nuestras virtudes&rdquo;, como parte de la pol&iacute;tica del Consejo Federal de Turismo y con el  apoyo del Ministerio de Turismo de la Naci&oacute;n&rdquo;<\/p>\n\n<p>El n&uacute;cleo escult&oacute;rico que caracteriza a Mendoza es una invitaci&oacute;n al turista de Buenos Aires y el mundo a conocer las Maravillas de sus Vi&ntilde;edos y la calidez de una tierra al servicio de la producci&oacute;n vitivin&iacute;cola de nivel internacional. Las esculturas fueron realizadas por Estudio Pugliese de Fernando Pugliese, a partir de modelos esculpidos a mano de manera artesanal que luego se utilizan para la petrificaci&oacute;n de las figuras animales objetos o personas.<\/p>\n\n<p>El realizador Fernando Pugliese cuenta con una trayectoria de m&aacute;s de 40 a&ntilde;os en el arte de construir Figuras en tama&ntilde;o Hiperrealistas.<\/p>\n\n<p>La provincia de Mendoza realiz&oacute; en esta oportunidad una inversi&oacute;n de $50.000 en concepto de v&iacute;a p&uacute;blica en la l&iacute;nea de subte D. La l&iacute;nea D cuenta con 16 estaciones. Conecta Plaza de Mayo con el Barrio Porte&ntilde;o de Belgrano, y los extremos terminales respectivos son las estaciones Catedral y Congreso de Tucum&aacute;n.<\/p>\n<p>Edici&oacute;n: Sandra Pizarro.<\/p>\n<\/body><\/html>\n","protected":false},"excerpt":{"rendered":"El encuentro se realiz&oacute; en el hall de la Estaci&oacute;n Congreso de Tucum&aacute;n de la L&iacute;nea D, con la presencia del ministro de Turismo de la Naci&oacute;n, Enrique Meyer, funcionarios provinciales, los secretarios de turismo de cada regi&oacute;n, entre ellos el secretario de turismo de Mendoza, Luis B&ouml;hm, y representantes de organismos vinculados al sector&#8230; <a class=\"view-article\" href=\"https:\/\/www.mendoza.gov.ar\/prensa\/mendoza-integra-la-campana-de-promocion-turistica-argentina-en-subte\/\"><\/a>","protected":false},"author":3,"featured_media":0,"comment_status":"closed","ping_status":"open","sticky":false,"template":"","format":"standard","meta":[],"categories":[37],"tags":[],"_links":{"self":[{"href":"https:\/\/www.mendoza.gov.ar\/prensa\/wp-json\/wp\/v2\/posts\/15431"}],"collection":[{"href":"https:\/\/www.mendoza.gov.ar\/prensa\/wp-json\/wp\/v2\/posts"}],"about":[{"href":"https:\/\/www.mendoza.gov.ar\/prensa\/wp-json\/wp\/v2\/types\/post"}],"author":[{"embeddable":true,"href":"https:\/\/www.mendoza.gov.ar\/prensa\/wp-json\/wp\/v2\/users\/3"}],"replies":[{"embeddable":true,"href":"https:\/\/www.mendoza.gov.ar\/prensa\/wp-json\/wp\/v2\/comments?post=15431"}],"version-history":[{"count":0,"href":"https:\/\/www.mendoza.gov.ar\/prensa\/wp-json\/wp\/v2\/posts\/15431\/revisions"}],"wp:attachment":[{"href":"https:\/\/www.mendoza.gov.ar\/prensa\/wp-json\/wp\/v2\/media?parent=15431"}],"wp:term":[{"taxonomy":"category","embeddable":true,"href":"https:\/\/www.mendoza.gov.ar\/prensa\/wp-json\/wp\/v2\/categories?post=15431"},{"taxonomy":"post_tag","embeddable":true,"href":"https:\/\/www.mendoza.gov.ar\/prensa\/wp-json\/wp\/v2\/tags?post=15431"}],"curies":[{"name":"wp","href":"https:\/\/api.w.org\/{rel}","templated":true}]}}