{"id":15586,"date":"2011-07-28T00:00:00","date_gmt":"2011-07-28T00:00:00","guid":{"rendered":"http:\/\/prensa.wp2.mendoza.gov.ar\/?p=15586"},"modified":"2011-07-28T00:00:00","modified_gmt":"2011-07-28T00:00:00","slug":"jaque-aseguro-que-la-visita-de-boudou-no-esta-relacionada-con-la-promocion-industrial","status":"publish","type":"post","link":"https:\/\/www.mendoza.gov.ar\/prensa\/jaque-aseguro-que-la-visita-de-boudou-no-esta-relacionada-con-la-promocion-industrial\/","title":{"rendered":"Jaque asegur\u00f3 que la visita de Boudou no est\u00e1 relacionada con la Promoci\u00f3n Industrial"},"content":{"rendered":"<!DOCTYPE html PUBLIC \"-\/\/W3C\/\/DTD HTML 4.0 Transitional\/\/EN\" \"http:\/\/www.w3.org\/TR\/REC-html40\/loose.dtd\">\n<html><body><p><\/p>\n<p>Consultado por la prensa acerca de la visita del ministro de Econom&iacute;a de la Naci&oacute;n, Amado Boudou, y de un posible anuncio sobre la Promoci&oacute;n Industrial, el gobernador Celso Jaque descart&oacute; que est&eacute; enmarcada en una soluci&oacute;n para este tema.<\/p>\n<p>En este sentido, el gobernador recalc&oacute;: &ldquo;Hemos elegido el camino del di&aacute;logo y estamos en la b&uacute;squeda de encontrar una soluci&oacute;n posible&rdquo;<\/p>\n<p>Record&oacute; que el decreto no se est&aacute; aplicando e insisti&oacute;: &ldquo;Estoy seguro que vamos a encontrar una salida que no perjudique a Mendoza&rdquo;<\/p>\n<p><strong>Agenda de los funcionarios<\/strong><\/p>\n<p>A las 16.00, en la escuela N&ordm; 4-028 Paula Albarrac&iacute;n de Sarmiento, en Maip&uacute;, el director General de la Anses, Diego Bossio, el gobernador Celso Jaque y el ministro de Econom&iacute;a, Amado Boudou, y el titular de la DGE, Carlos L&oacute;pez Puelles entregar&aacute;n 839 netbooks en el marco del programa Conectar Igualdad.<\/p>\n<p>A las 17.30, el ministro Boudou se reunir&aacute; con empresarios mendocinos, en la Bolsa de Comercio.<\/p>\n<p>A las 19, en el Teatro Independencia, los funcionarios nacionales se encontrar&aacute;n con los integrantes de la f&oacute;rmula del PJ provincial, Francisco P&eacute;rez y Carlos Ciurca, para participar de la Presentaci&oacute;n de un libro.<\/p>\n<\/body><\/html>\n","protected":false},"excerpt":{"rendered":"Consultado por la prensa acerca de la visita del ministro de Econom&iacute;a de la Naci&oacute;n, Amado Boudou, y de un posible anuncio sobre la Promoci&oacute;n Industrial, el gobernador Celso Jaque descart&oacute; que est&eacute; enmarcada en una soluci&oacute;n para este tema. En este sentido, el gobernador recalc&oacute;: &ldquo;Hemos elegido el camino del di&aacute;logo y estamos en&#8230; <a class=\"view-article\" href=\"https:\/\/www.mendoza.gov.ar\/prensa\/jaque-aseguro-que-la-visita-de-boudou-no-esta-relacionada-con-la-promocion-industrial\/\"><\/a>","protected":false},"author":3,"featured_media":0,"comment_status":"closed","ping_status":"open","sticky":false,"template":"","format":"standard","meta":[],"categories":[19],"tags":[],"_links":{"self":[{"href":"https:\/\/www.mendoza.gov.ar\/prensa\/wp-json\/wp\/v2\/posts\/15586"}],"collection":[{"href":"https:\/\/www.mendoza.gov.ar\/prensa\/wp-json\/wp\/v2\/posts"}],"about":[{"href":"https:\/\/www.mendoza.gov.ar\/prensa\/wp-json\/wp\/v2\/types\/post"}],"author":[{"embeddable":true,"href":"https:\/\/www.mendoza.gov.ar\/prensa\/wp-json\/wp\/v2\/users\/3"}],"replies":[{"embeddable":true,"href":"https:\/\/www.mendoza.gov.ar\/prensa\/wp-json\/wp\/v2\/comments?post=15586"}],"version-history":[{"count":0,"href":"https:\/\/www.mendoza.gov.ar\/prensa\/wp-json\/wp\/v2\/posts\/15586\/revisions"}],"wp:attachment":[{"href":"https:\/\/www.mendoza.gov.ar\/prensa\/wp-json\/wp\/v2\/media?parent=15586"}],"wp:term":[{"taxonomy":"category","embeddable":true,"href":"https:\/\/www.mendoza.gov.ar\/prensa\/wp-json\/wp\/v2\/categories?post=15586"},{"taxonomy":"post_tag","embeddable":true,"href":"https:\/\/www.mendoza.gov.ar\/prensa\/wp-json\/wp\/v2\/tags?post=15586"}],"curies":[{"name":"wp","href":"https:\/\/api.w.org\/{rel}","templated":true}]}}