{"id":15657,"date":"2011-12-20T00:00:00","date_gmt":"2011-12-20T00:00:00","guid":{"rendered":"http:\/\/prensa.wp2.mendoza.gov.ar\/?p=15657"},"modified":"2011-12-20T00:00:00","modified_gmt":"2011-12-20T00:00:00","slug":"tenemos-una-de-las-policias-mas-equipadas-y-con-mayor-tecnologia-del-pais","status":"publish","type":"post","link":"https:\/\/www.mendoza.gov.ar\/prensa\/tenemos-una-de-las-policias-mas-equipadas-y-con-mayor-tecnologia-del-pais\/","title":{"rendered":"\u201cTenemos una de las polic\u00edas m\u00e1s equipadas y con mayor tecnolog\u00eda del pa\u00eds\u201d"},"content":{"rendered":"<!DOCTYPE html PUBLIC \"-\/\/W3C\/\/DTD HTML 4.0 Transitional\/\/EN\" \"http:\/\/www.w3.org\/TR\/REC-html40\/loose.dtd\">\n<html><body><p>El gobernador asisti&oacute; esta ma&ntilde;ana a la entrega de diplomas a polic&iacute;as ascendidos realizada el Ministerio de Seguridad. Durante el encuentro, Francisco P&eacute;rez resalt&oacute; el compromiso de &ldquo;cumplir el mandato habiendo concretado una verdadera mejora y modernizaci&oacute;n de nuestras fuerzas de seguridad&rdquo;.<\/p>\n<p>Ante la mirada atenta de los uniformados que aguardaban la entrega de sus reconocimientos, P&eacute;rez destac&oacute; que los mendocinos &ldquo;tenemos una de las polic&iacute;as m&aacute;s equipadas y con mayor tecnolog&iacute;a del pa&iacute;s. Estamos en un proceso de perfeccionamiento y de cambio. Sabemos que hay muchos problemas por resolver y soy el primero en estar dispuesto a escuchar buenas propuestas, siempre&rdquo;.<\/p>\n<p>Adem&aacute;s, el mandatario destac&oacute; la importancia de los ascensos, debido a que los considera la &ldquo;clave&rdquo;, no s&oacute;lo para estimular la carrera de los profesionales, sino tambi&eacute;n para promover &ldquo;una verdadera renovaci&oacute;n en la Fuerza&rdquo;. Para que esto sea posible, P&eacute;rez asegur&oacute; que es necesario continuar realizando mejoras salariales, edilicias y de capacitaci&oacute;n. &ldquo;Tengan seguridad de que avanzaremos constantemente en mayor inversi&oacute;n y con mejores herramientas de trabajo&rdquo;, sentenci&oacute;.<\/p>\n<p>Durante la el encuentro, realizado en la Plaza de Armas del ministerio comandado por Carlos Aranda, Francisco P&eacute;rez destac&oacute; la necesidad de tener un polic&iacute;a &ldquo;comprometido socialmente, mejor capacitado y capaz de interactuar en diferentes realidades sociales. La experiencia del efectivo es invaluable para guiar decisiones en varias &aacute;reas de la acci&oacute;n social&rdquo;. Un ejemplo de esto, seg&uacute;n prosigui&oacute; el gobernador, es necesario trabajar en este aspecto, ya que es la voluntad de la gesti&oacute;n de ampliar el &aacute;rea de accidentes viales a varias carteras, con el objetivo de realizar aportes integrales que permitan prevenir este tipo de hechos que se cobran diariamente la vida de mendocinos en las calles y rutas locales.<\/p>\n<\/body><\/html>\n","protected":false},"excerpt":{"rendered":"El gobernador asisti&oacute; esta ma&ntilde;ana a la entrega de diplomas a polic&iacute;as ascendidos realizada el Ministerio de Seguridad. Durante el encuentro, Francisco P&eacute;rez resalt&oacute; el compromiso de &ldquo;cumplir el mandato habiendo concretado una verdadera mejora y modernizaci&oacute;n de nuestras fuerzas de seguridad&rdquo;. Ante la mirada atenta de los uniformados que aguardaban la entrega de sus&#8230; <a class=\"view-article\" href=\"https:\/\/www.mendoza.gov.ar\/prensa\/tenemos-una-de-las-policias-mas-equipadas-y-con-mayor-tecnologia-del-pais\/\"><\/a>","protected":false},"author":3,"featured_media":0,"comment_status":"closed","ping_status":"open","sticky":false,"template":"","format":"standard","meta":[],"categories":[19],"tags":[],"_links":{"self":[{"href":"https:\/\/www.mendoza.gov.ar\/prensa\/wp-json\/wp\/v2\/posts\/15657"}],"collection":[{"href":"https:\/\/www.mendoza.gov.ar\/prensa\/wp-json\/wp\/v2\/posts"}],"about":[{"href":"https:\/\/www.mendoza.gov.ar\/prensa\/wp-json\/wp\/v2\/types\/post"}],"author":[{"embeddable":true,"href":"https:\/\/www.mendoza.gov.ar\/prensa\/wp-json\/wp\/v2\/users\/3"}],"replies":[{"embeddable":true,"href":"https:\/\/www.mendoza.gov.ar\/prensa\/wp-json\/wp\/v2\/comments?post=15657"}],"version-history":[{"count":0,"href":"https:\/\/www.mendoza.gov.ar\/prensa\/wp-json\/wp\/v2\/posts\/15657\/revisions"}],"wp:attachment":[{"href":"https:\/\/www.mendoza.gov.ar\/prensa\/wp-json\/wp\/v2\/media?parent=15657"}],"wp:term":[{"taxonomy":"category","embeddable":true,"href":"https:\/\/www.mendoza.gov.ar\/prensa\/wp-json\/wp\/v2\/categories?post=15657"},{"taxonomy":"post_tag","embeddable":true,"href":"https:\/\/www.mendoza.gov.ar\/prensa\/wp-json\/wp\/v2\/tags?post=15657"}],"curies":[{"name":"wp","href":"https:\/\/api.w.org\/{rel}","templated":true}]}}