{"id":15666,"date":"2011-12-29T00:00:00","date_gmt":"2011-12-29T00:00:00","guid":{"rendered":"http:\/\/prensa.wp2.mendoza.gov.ar\/?p=15666"},"modified":"2011-12-29T00:00:00","modified_gmt":"2011-12-29T00:00:00","slug":"francisco-perez-recibio-a-miembros-de-la-agrupacion-hijos","status":"publish","type":"post","link":"https:\/\/www.mendoza.gov.ar\/prensa\/francisco-perez-recibio-a-miembros-de-la-agrupacion-hijos\/","title":{"rendered":"Francisco P\u00e9rez recibi\u00f3 a miembros de la agrupaci\u00f3n HIJOS"},"content":{"rendered":"<!DOCTYPE html PUBLIC \"-\/\/W3C\/\/DTD HTML 4.0 Transitional\/\/EN\" \"http:\/\/www.w3.org\/TR\/REC-html40\/loose.dtd\">\n<html><body><p> En el despacho de Gobernaci&oacute;n de Casa de Gobierno, se produjo este importante encuentro, donde se trataron temas fundamentales como juicios de lesa humanidad, recuperaci&oacute;n de espacios de memoria y pol&iacute;ticas concretas para el fortalecimiento de los Derechos Humanos, entre otros.<\/p>\n<p>Por parte del Gobierno, Francisco P&eacute;rez se comprometi&oacute; a &ldquo;mantener el dialogo permanente con las agrupaciones y ser el nexo principal entre el Estado Nacional y los diferentes organismos de Derechos Humanos&rdquo;.<\/p>\n<p>Adem&aacute;s, el mandatario provincial, se mostr&oacute; abierto para trabajar en proyectos y pol&iacute;ticas concretas en materia de DD.HH.<\/p>\n<p>En tanto Javier Fagetti y Mariano Tripiana destacaron la importancia de recuperar los sitios de memoria de San Rafael y obtener un presupuesto y un encuadre legal para poder funcionar y de esta manera continuar con todo el trabajo que esta realizando HIJOS en la provincia.<\/p>\n<p>Con respecto al gesto de P&eacute;rez de recibirlos en Casa de Gobierno, los integrantes de HIJOS, se&ntilde;alaron que &ldquo;es imprescindible esta clase de encuentros y que el gobernador oficie de nexo entre las agrupaciones y el Gobierno Nacional, ya que hay temas de primer orden, donde hay que avanzar como los juicios de lesa humanidad y encontrar a los pr&oacute;fugos de la justicia, a trav&eacute;s de recompensas y otras acciones&rdquo;.<\/p>\n<p>Para finalizar los miembros de HIJOS subrayaron: &ldquo;adem&aacute;s de todo el trabajo con los juicios de lesa humanidad, hay que destacar que los Derechos Humanos, son tambi&eacute;n lo el derecho a la persona, el ni&ntilde;o, la mujer, techo digno, alimentaci&oacute;n y tenemos que trabajar con este Gobierno para avanzar con pol&iacute;ticas que aseguren estos aspectos&rdquo;.<\/p>\n<\/body><\/html>\n","protected":false},"excerpt":{"rendered":"En el despacho de Gobernaci&oacute;n de Casa de Gobierno, se produjo este importante encuentro, donde se trataron temas fundamentales como juicios de lesa humanidad, recuperaci&oacute;n de espacios de memoria y pol&iacute;ticas concretas para el fortalecimiento de los Derechos Humanos, entre otros. Por parte del Gobierno, Francisco P&eacute;rez se comprometi&oacute; a &ldquo;mantener el dialogo permanente con&#8230; <a class=\"view-article\" href=\"https:\/\/www.mendoza.gov.ar\/prensa\/francisco-perez-recibio-a-miembros-de-la-agrupacion-hijos\/\"><\/a>","protected":false},"author":3,"featured_media":0,"comment_status":"closed","ping_status":"open","sticky":false,"template":"","format":"standard","meta":[],"categories":[19],"tags":[],"_links":{"self":[{"href":"https:\/\/www.mendoza.gov.ar\/prensa\/wp-json\/wp\/v2\/posts\/15666"}],"collection":[{"href":"https:\/\/www.mendoza.gov.ar\/prensa\/wp-json\/wp\/v2\/posts"}],"about":[{"href":"https:\/\/www.mendoza.gov.ar\/prensa\/wp-json\/wp\/v2\/types\/post"}],"author":[{"embeddable":true,"href":"https:\/\/www.mendoza.gov.ar\/prensa\/wp-json\/wp\/v2\/users\/3"}],"replies":[{"embeddable":true,"href":"https:\/\/www.mendoza.gov.ar\/prensa\/wp-json\/wp\/v2\/comments?post=15666"}],"version-history":[{"count":0,"href":"https:\/\/www.mendoza.gov.ar\/prensa\/wp-json\/wp\/v2\/posts\/15666\/revisions"}],"wp:attachment":[{"href":"https:\/\/www.mendoza.gov.ar\/prensa\/wp-json\/wp\/v2\/media?parent=15666"}],"wp:term":[{"taxonomy":"category","embeddable":true,"href":"https:\/\/www.mendoza.gov.ar\/prensa\/wp-json\/wp\/v2\/categories?post=15666"},{"taxonomy":"post_tag","embeddable":true,"href":"https:\/\/www.mendoza.gov.ar\/prensa\/wp-json\/wp\/v2\/tags?post=15666"}],"curies":[{"name":"wp","href":"https:\/\/api.w.org\/{rel}","templated":true}]}}