{"id":158146,"date":"2018-10-24T14:51:46","date_gmt":"2018-10-24T17:51:46","guid":{"rendered":"http:\/\/prensa.wp1.mendoza.gov.ar\/?p=158146"},"modified":"2018-10-24T15:51:22","modified_gmt":"2018-10-24T18:51:22","slug":"osep-realizara-una-jornada-de-actualizacion-para-odontologos","status":"publish","type":"post","link":"https:\/\/www.mendoza.gov.ar\/prensa\/osep-realizara-una-jornada-de-actualizacion-para-odontologos\/","title":{"rendered":"OSEP realizar\u00e1 una jornada de actualizaci\u00f3n para odont\u00f3logos"},"content":{"rendered":"<!DOCTYPE html PUBLIC \"-\/\/W3C\/\/DTD HTML 4.0 Transitional\/\/EN\" \"http:\/\/www.w3.org\/TR\/REC-html40\/loose.dtd\">\n<html><body><h5>Comenzar&aacute;n ma&ntilde;ana, 24 de octubre en el Centro de Congresos y Exposiciones. Disertar&aacute;n destacados especialistas nacionales.<\/h5>\n<p>Las Jornadas de Actualizaci&oacute;n de operatoria y biomateriales en Odontolog&iacute;a se desarrollar&aacute;n del 25 al 27 de octubre, en el Aula Magna del Centro de Congreso y Exposiciones en la ciudad de Mendoza.<\/p>\n<p>El encuentro est&aacute; destinado a profesionales odont&oacute;logos y tiene como objetivo ser un espacio de capacitaci&oacute;n en las t&eacute;cnicas de m&iacute;nima intervenci&oacute;n, impulsando el diagn&oacute;stico precoz y un tratamiento oportuno con recuperaci&oacute;n r&aacute;pida para el paciente.<\/p>\n<p>Disertar&aacute;n prestigiosos profesionales de Buenos Aires, entre ellos los doctores Mart&iacute;n Edelberg, Carlos Conesa Alegre, Ariel Regidor y Daniel Marucci. Los temas que se abordar&aacute;n se desarrollaran los siguientes:<\/p>\n<p>-Remineralizaci&oacute;n de los tejidos dentarios. Fundamentos, materiales bioactivos y aplicaciones cl&iacute;nicas.<\/p>\n<p>-Restauraciones anteriores: integraci&oacute;n y est&eacute;tica.<\/p>\n<p>-Reconstrucci&oacute;n post-endod&oacute;ntica. Del poste al <em>endocrown<\/em>.<\/p>\n<p>-Adhesi&oacute;n Fen&oacute;menos anexos al proceso de hibridizaci&oacute;n.<\/p>\n<p>-Manejo cl&iacute;nico de las restauraciones pl&aacute;sticas posteriores.<\/p>\n<p>&nbsp;<\/p>\n<p>La actividad es gratuita con cupos limitados. Inscripciones en: &nbsp;https:\/\/www.eventbrite.com.ar\/e\/jornadas-de-actualizacion-de-operatoria-y-biomateriales-en-odontologia-tickets-50919652050.<\/p>\n<p>Sitio https:\/\/osepmendoza.com.ar\/odontologia\/.<\/p>\n<\/body><\/html>\n","protected":false},"excerpt":{"rendered":"Comenzar&aacute;n ma&ntilde;ana, 24 de octubre en el Centro de Congresos y Exposiciones. Disertar&aacute;n destacados especialistas nacionales. Las Jornadas de Actualizaci&oacute;n de operatoria y biomateriales en Odontolog&iacute;a se desarrollar&aacute;n del 25 al 27 de octubre, en el Aula Magna del Centro de Congreso y Exposiciones en la ciudad de Mendoza. El encuentro est&aacute; destinado a profesionales&#8230; <a class=\"view-article\" href=\"https:\/\/www.mendoza.gov.ar\/prensa\/osep-realizara-una-jornada-de-actualizacion-para-odontologos\/\"><\/a>","protected":false},"author":63,"featured_media":158147,"comment_status":"open","ping_status":"open","sticky":false,"template":"","format":"standard","meta":[],"categories":[30],"tags":[],"_links":{"self":[{"href":"https:\/\/www.mendoza.gov.ar\/prensa\/wp-json\/wp\/v2\/posts\/158146"}],"collection":[{"href":"https:\/\/www.mendoza.gov.ar\/prensa\/wp-json\/wp\/v2\/posts"}],"about":[{"href":"https:\/\/www.mendoza.gov.ar\/prensa\/wp-json\/wp\/v2\/types\/post"}],"author":[{"embeddable":true,"href":"https:\/\/www.mendoza.gov.ar\/prensa\/wp-json\/wp\/v2\/users\/63"}],"replies":[{"embeddable":true,"href":"https:\/\/www.mendoza.gov.ar\/prensa\/wp-json\/wp\/v2\/comments?post=158146"}],"version-history":[{"count":3,"href":"https:\/\/www.mendoza.gov.ar\/prensa\/wp-json\/wp\/v2\/posts\/158146\/revisions"}],"predecessor-version":[{"id":158180,"href":"https:\/\/www.mendoza.gov.ar\/prensa\/wp-json\/wp\/v2\/posts\/158146\/revisions\/158180"}],"wp:featuredmedia":[{"embeddable":true,"href":"https:\/\/www.mendoza.gov.ar\/prensa\/wp-json\/wp\/v2\/media\/158147"}],"wp:attachment":[{"href":"https:\/\/www.mendoza.gov.ar\/prensa\/wp-json\/wp\/v2\/media?parent=158146"}],"wp:term":[{"taxonomy":"category","embeddable":true,"href":"https:\/\/www.mendoza.gov.ar\/prensa\/wp-json\/wp\/v2\/categories?post=158146"},{"taxonomy":"post_tag","embeddable":true,"href":"https:\/\/www.mendoza.gov.ar\/prensa\/wp-json\/wp\/v2\/tags?post=158146"}],"curies":[{"name":"wp","href":"https:\/\/api.w.org\/{rel}","templated":true}]}}