{"id":15830,"date":"2011-05-06T00:00:00","date_gmt":"2011-05-06T00:00:00","guid":{"rendered":"http:\/\/prensa.wp2.mendoza.gov.ar\/?p=15830"},"modified":"2011-05-06T00:00:00","modified_gmt":"2011-05-06T00:00:00","slug":"seguridad-vial-inauguraron-los-primeros-5-semaforos-con-tecnologia-led-en-guaymallen","status":"publish","type":"post","link":"https:\/\/www.mendoza.gov.ar\/prensa\/seguridad-vial-inauguraron-los-primeros-5-semaforos-con-tecnologia-led-en-guaymallen\/","title":{"rendered":"Seguridad vial: inauguraron los primeros 5 sem\u00e1foros con tecnolog\u00eda LED en Guaymall\u00e9n"},"content":{"rendered":"<!DOCTYPE html PUBLIC \"-\/\/W3C\/\/DTD HTML 4.0 Transitional\/\/EN\" \"http:\/\/www.w3.org\/TR\/REC-html40\/loose.dtd\">\n<html><body><p>El acto se realiz&oacute; en la intersecci&oacute;n de Bandera de los Andes y Pedernera, de San Jos&eacute;, all&iacute; se pusieron en funcionamiento  tanto los sem&aacute;foros ubicados en esa esquina como los  que se encuentran en Pedernera &ndash; Saavedra, Saavedra &ndash; Mitre, Godoy Cruz &ndash; Urquiza y Godoy Cruz &ndash; Necochea.  Todas estas intersecciones requer&iacute;an un mayor control del flujo vehicular, dada la cantidad autom&oacute;viles que circulan por la zona.<\/p>\n<p>Pariciparon de la actividad el ministro de Infraestructura, Francisco P&eacute;rez; el intendente de Guaymall&eacute;n, Alejandro Abraham, y el director de V&iacute;as y Medios de Transporte,&nbsp; Diego Mart&iacute;nez Palau, adem&aacute;s de funcionarios municipales, provinciales y vecinos de San Jos&eacute;.<\/p>\n<p>Estos son los primeros 5 equipos de los 26 que tiene destinado el departamento de Guaymall&eacute;n, para colocar en arterias conflictivas. El municipio recibi&oacute; $ 1.678.252 para realizar esta obra.  Los equipos instalados cuentan con un nuevo sistema lum&iacute;nico de tecnolog&iacute;a LED, que reduce el consumo el&eacute;ctrico en un 80%, en comparaci&oacute;n con los antiguos sem&aacute;foros. Adem&aacute;s, tienen una vida &uacute;til superior a la durabilidad del antiguo sistema.<\/p>\n<p>Sobre este tema, el ministro Francisco P&eacute;rez dijo: &ldquo;La posibilidad de esta puesta en funcionamiento se debe a la decisi&oacute;n que el Gobierno de Mendoza respecto a a que los Municipios puedan modernizar los equipos con el objetivo de disminuir los accidentes viales&rdquo;. Y, en ese contexto, inst&oacute; a respetar las normas de tr&aacute;nsito.<\/p>\n<p>Por su parte, el intendente  de Guaymall&eacute;n agradeci&oacute; al Gobierno al Ministerio y a la Direcci&oacute;n de Transporte por la gesti&oacute;n realizada y concluy&oacute; diciendo: &ldquo;Hemos cumplido el deseo de los vecinos, quienes son los que marcan el camino que debemos seguir&rdquo;, afirm&oacute; Abraham, en alusi&oacute;n a la elecci&oacute;n de la esquinas semaforizadas realizada por el municipio.<\/p>\n<p>Edici&oacute;n: Sandra Pizarro.<\/p>\n<\/body><\/html>\n","protected":false},"excerpt":{"rendered":"El acto se realiz&oacute; en la intersecci&oacute;n de Bandera de los Andes y Pedernera, de San Jos&eacute;, all&iacute; se pusieron en funcionamiento tanto los sem&aacute;foros ubicados en esa esquina como los que se encuentran en Pedernera &ndash; Saavedra, Saavedra &ndash; Mitre, Godoy Cruz &ndash; Urquiza y Godoy Cruz &ndash; Necochea. Todas estas intersecciones requer&iacute;an un&#8230; <a class=\"view-article\" href=\"https:\/\/www.mendoza.gov.ar\/prensa\/seguridad-vial-inauguraron-los-primeros-5-semaforos-con-tecnologia-led-en-guaymallen\/\"><\/a>","protected":false},"author":3,"featured_media":0,"comment_status":"closed","ping_status":"open","sticky":false,"template":"","format":"standard","meta":[],"categories":[1],"tags":[],"_links":{"self":[{"href":"https:\/\/www.mendoza.gov.ar\/prensa\/wp-json\/wp\/v2\/posts\/15830"}],"collection":[{"href":"https:\/\/www.mendoza.gov.ar\/prensa\/wp-json\/wp\/v2\/posts"}],"about":[{"href":"https:\/\/www.mendoza.gov.ar\/prensa\/wp-json\/wp\/v2\/types\/post"}],"author":[{"embeddable":true,"href":"https:\/\/www.mendoza.gov.ar\/prensa\/wp-json\/wp\/v2\/users\/3"}],"replies":[{"embeddable":true,"href":"https:\/\/www.mendoza.gov.ar\/prensa\/wp-json\/wp\/v2\/comments?post=15830"}],"version-history":[{"count":0,"href":"https:\/\/www.mendoza.gov.ar\/prensa\/wp-json\/wp\/v2\/posts\/15830\/revisions"}],"wp:attachment":[{"href":"https:\/\/www.mendoza.gov.ar\/prensa\/wp-json\/wp\/v2\/media?parent=15830"}],"wp:term":[{"taxonomy":"category","embeddable":true,"href":"https:\/\/www.mendoza.gov.ar\/prensa\/wp-json\/wp\/v2\/categories?post=15830"},{"taxonomy":"post_tag","embeddable":true,"href":"https:\/\/www.mendoza.gov.ar\/prensa\/wp-json\/wp\/v2\/tags?post=15830"}],"curies":[{"name":"wp","href":"https:\/\/api.w.org\/{rel}","templated":true}]}}