{"id":15832,"date":"2011-05-09T00:00:00","date_gmt":"2011-05-09T00:00:00","guid":{"rendered":"http:\/\/prensa.wp2.mendoza.gov.ar\/?p=15832"},"modified":"2011-05-09T00:00:00","modified_gmt":"2011-05-09T00:00:00","slug":"el-ministro-perez-firmo-el-inicio-de-obra-de-la-ampliacion-de-la-escuela-julia-cejas","status":"publish","type":"post","link":"https:\/\/www.mendoza.gov.ar\/prensa\/el-ministro-perez-firmo-el-inicio-de-obra-de-la-ampliacion-de-la-escuela-julia-cejas\/","title":{"rendered":"El ministro P\u00e9rez firm\u00f3 el inicio de obra de la ampliaci\u00f3n de la escuela Julia Cejas"},"content":{"rendered":"<!DOCTYPE html PUBLIC \"-\/\/W3C\/\/DTD HTML 4.0 Transitional\/\/EN\" \"http:\/\/www.w3.org\/TR\/REC-html40\/loose.dtd\">\n<html><body><p>El ministro de Infraestructura, Vivienda y Transporte, Francisco P&eacute;rez, y el subsecretario de Infraestructura Educativa, Roberto Pacini, firmaron el pasado viernes,  el acta de inicio de obras para la ampliaci&oacute;n y refuncionalizaci&oacute;n integral de la escuela 4-035 Julia Silva de Cejas, de Tunuy&aacute;n.<\/p>\n<p>El acto se realiz&oacute; en el mismo establecimiento, situado en el distrito Vista Flores, zona rural del departamento del Valle de Uco. Adem&aacute;s de P&eacute;rez y Pacini, estuvo presente el secretario de Deportes, Mart&iacute;n Aveiro, entre otras autoridades.<\/p>\n<p>La obra comprende la ampliaci&oacute;n de 650 metros cuadrados, y la refuncionalizaci&oacute;n integral de 690 metros cuadrados existentes.<\/p>\n<p>&ldquo;Estamos muy felices de poder iniciar esta obra tan importante para los habitantes de Vista Flores. Y quiero decirles que, adem&aacute;s de los trabajos previstos, vamos a incluir la remodelaci&oacute;n total del play&oacute;n deportivo, porque veo que est&aacute; bastante deteriorado&rdquo;, arranc&oacute; diciendo el ministro P&eacute;rez ante unas 300 personas.<\/p>\n<p>El funcionario agreg&oacute; que &ldquo;la escuela t&eacute;cnica estuvo olvidada durante muchos a&ntilde;os y hoy esto cambi&oacute;. Ac&aacute; hubo una decisi&oacute;n pol&iacute;tica del gobernador Celso Jaque para que esta obra pudiera iniciarse. Pedimos disculpas por tantos a&ntilde;os de olvidos en infraestructura educativa. Ahora los estamos saldando. Y quiero adelantar que vamos a llamar a licitaci&oacute;n para que se construya una nueva escuela primaria en Vista Flores&rdquo;.<\/p>\n<p>Por su parte, Aveiro record&oacute; que &ldquo;en esta escuela estudi&eacute; y me recib&iacute;. Soy de Vista Flores y para m&iacute; esta obra es una alegr&iacute;a enorme. Va a ser la mejor escuela del Valle de Uco cuando se terminen los trabajos. Quiero agradecerle al gobernador Jaque, al ministro P&eacute;rez y al subsecretario Pacini por posibilitar que comenzara esta obra&rdquo;.<\/p>\n<p>Por &uacute;ltimo, el director de la escuela, Ariel Garc&iacute;a, se mostr&oacute; &ldquo;muy feliz por ver que la ampliaci&oacute;n de la escuela Cejas comienza a hacerse realidad. Es un esfuerzo de todos y hoy se est&aacute; haciendo realidad. La comunidad lo necesitaba y dentro de un a&ntilde;o vamos a tener una escuela pr&aacute;cticamente nueva&rdquo;.<\/p>\n<p>Los trabajos, que se extender&aacute;n durante 12 meses, demandar&aacute;n una inversi&oacute;n oficial de $3.000.000 y se financiar&aacute;n a trav&eacute;s del Ministerio de Educaci&oacute;n de la Naci&oacute;n. Ser&aacute;n ejecutados y supervisados por la Subsecretar&iacute;a de Infraestructura, por intermedio de la empresa CAPSA SRL.<\/p>\n<p>As&iacute;, la renovaci&oacute;n integral del antiguo inmueble tunuyanino (fue creado en 1962) proporcionar&aacute; mayores comodidades y calidad educativa a los 581 alumnos que en la actualidad concurren al colegio.<\/p>\n<p>La escuela est&aacute; ubicada en el distrito Vista Flores, zona rural del departamento del Valle de Uco. Su educaci&oacute;n est&aacute; orientada a la especialidad t&eacute;cnico-agraria. El inmueble est&aacute; rodeado de vi&ntilde;edos y frutales, donde los alumnos realizan sus pr&aacute;cticas vitivin&iacute;colas, frut&iacute;colas y hort&iacute;colas.<\/p>\n<p><strong>La obra <\/strong><\/p>\n<p>&Aacute;rea pedag&oacute;gica: seis aulas comunes y dos laboratorios.<\/p>\n<p>&Aacute;rea gobierno: gobierno perif&eacute;rico y gabinete psicopedag&oacute;gico.<\/p>\n<p>Refuncionalizaci&oacute;n y rehabilitaci&oacute;n:<\/p>\n<p>Refuncionalizacion de: sanitarios para docentes, direcci&oacute;n, vicedirecci&oacute;n, regencia, archivo, administraci&oacute;n, secretar&iacute;a, sala de maestros, oficina CENS, preceptor&iacute;a, sal&oacute;n para venta de productos y acceso.<\/p>\n<p>Rehabilitacion de: cocina, revoques, pintura, instalaci&oacute;n sanitaria, instalaci&oacute;n el&eacute;ctrica, instalaci&oacute;n de gas, pisos, aislaciones de techos y carpinter&iacute;a<\/p>\n<\/body><\/html>\n","protected":false},"excerpt":{"rendered":"El ministro de Infraestructura, Vivienda y Transporte, Francisco P&eacute;rez, y el subsecretario de Infraestructura Educativa, Roberto Pacini, firmaron el pasado viernes, el acta de inicio de obras para la ampliaci&oacute;n y refuncionalizaci&oacute;n integral de la escuela 4-035 Julia Silva de Cejas, de Tunuy&aacute;n. El acto se realiz&oacute; en el mismo establecimiento, situado en el distrito&#8230; <a class=\"view-article\" href=\"https:\/\/www.mendoza.gov.ar\/prensa\/el-ministro-perez-firmo-el-inicio-de-obra-de-la-ampliacion-de-la-escuela-julia-cejas\/\"><\/a>","protected":false},"author":3,"featured_media":0,"comment_status":"closed","ping_status":"open","sticky":false,"template":"","format":"standard","meta":[],"categories":[1],"tags":[],"_links":{"self":[{"href":"https:\/\/www.mendoza.gov.ar\/prensa\/wp-json\/wp\/v2\/posts\/15832"}],"collection":[{"href":"https:\/\/www.mendoza.gov.ar\/prensa\/wp-json\/wp\/v2\/posts"}],"about":[{"href":"https:\/\/www.mendoza.gov.ar\/prensa\/wp-json\/wp\/v2\/types\/post"}],"author":[{"embeddable":true,"href":"https:\/\/www.mendoza.gov.ar\/prensa\/wp-json\/wp\/v2\/users\/3"}],"replies":[{"embeddable":true,"href":"https:\/\/www.mendoza.gov.ar\/prensa\/wp-json\/wp\/v2\/comments?post=15832"}],"version-history":[{"count":0,"href":"https:\/\/www.mendoza.gov.ar\/prensa\/wp-json\/wp\/v2\/posts\/15832\/revisions"}],"wp:attachment":[{"href":"https:\/\/www.mendoza.gov.ar\/prensa\/wp-json\/wp\/v2\/media?parent=15832"}],"wp:term":[{"taxonomy":"category","embeddable":true,"href":"https:\/\/www.mendoza.gov.ar\/prensa\/wp-json\/wp\/v2\/categories?post=15832"},{"taxonomy":"post_tag","embeddable":true,"href":"https:\/\/www.mendoza.gov.ar\/prensa\/wp-json\/wp\/v2\/tags?post=15832"}],"curies":[{"name":"wp","href":"https:\/\/api.w.org\/{rel}","templated":true}]}}