{"id":15833,"date":"2011-05-09T00:00:00","date_gmt":"2011-05-09T00:00:00","guid":{"rendered":"http:\/\/prensa.wp2.mendoza.gov.ar\/?p=15833"},"modified":"2011-05-09T00:00:00","modified_gmt":"2011-05-09T00:00:00","slug":"licitaran-la-remodelacion-del-alumbrado-publico-del-parque-san-martin","status":"publish","type":"post","link":"https:\/\/www.mendoza.gov.ar\/prensa\/licitaran-la-remodelacion-del-alumbrado-publico-del-parque-san-martin\/","title":{"rendered":"Licitar\u00e1n la remodelaci\u00f3n del alumbrado p\u00fablico del parque San Mart\u00edn"},"content":{"rendered":"<!DOCTYPE html PUBLIC \"-\/\/W3C\/\/DTD HTML 4.0 Transitional\/\/EN\" \"http:\/\/www.w3.org\/TR\/REC-html40\/loose.dtd\">\n<html><body><p>Esta semana se llamar&aacute; a licitaci&oacute;n para la obra de remodelaci&oacute;n de las luminarias en las zonas aleda&ntilde;as al Estadio Malvinas Argentinas. Se trata de la colocaci&oacute;n de 38 columnas y 152 proyectores lum&iacute;nicos, que ser&aacute;n estrat&eacute;gicamente ubicados en Parque del Aborigen, la calle Ruiz Leal, el Prado de la Virgen, el Prado del H&uacute;ngaro, el Prado de la Meteorolog&iacute;a y el Prado de Los Periodistas.<\/p>\n\n<p>Tambi&eacute;n se prev&eacute; la reconversi&oacute;n del sistema lum&iacute;nico de las avenidas, calles y veredas del Parque General San Mart&iacute;n y la explanada del Monumento al Ej&eacute;rcito de los Andes del Cerro de la Gloria.<\/p>\n\n<p>La reconversi&oacute;n consiste en reemplazar las 1.387 luminarias de mercurio por artefactos con l&aacute;mparas de vapor de sodio de alta presi&oacute;n de &uacute;ltima generaci&oacute;n, que ofrecen un mayor rendimiento lum&iacute;nico con un menor consumo de energ&iacute;a el&eacute;ctrica.<\/p>\n\n<p>La obra requerir&aacute; de una inversi&oacute;n superior a los $4.000.000.<\/p>\n\n\n<p>Edici&oacute;n: Sandra Pizarro<\/p>\n\n<p><\/p>\n<\/body><\/html>\n","protected":false},"excerpt":{"rendered":"Esta semana se llamar&aacute; a licitaci&oacute;n para la obra de remodelaci&oacute;n de las luminarias en las zonas aleda&ntilde;as al Estadio Malvinas Argentinas. Se trata de la colocaci&oacute;n de 38 columnas y 152 proyectores lum&iacute;nicos, que ser&aacute;n estrat&eacute;gicamente ubicados en Parque del Aborigen, la calle Ruiz Leal, el Prado de la Virgen, el Prado del H&uacute;ngaro,&#8230; <a class=\"view-article\" href=\"https:\/\/www.mendoza.gov.ar\/prensa\/licitaran-la-remodelacion-del-alumbrado-publico-del-parque-san-martin\/\"><\/a>","protected":false},"author":3,"featured_media":0,"comment_status":"closed","ping_status":"open","sticky":false,"template":"","format":"standard","meta":[],"categories":[1],"tags":[],"_links":{"self":[{"href":"https:\/\/www.mendoza.gov.ar\/prensa\/wp-json\/wp\/v2\/posts\/15833"}],"collection":[{"href":"https:\/\/www.mendoza.gov.ar\/prensa\/wp-json\/wp\/v2\/posts"}],"about":[{"href":"https:\/\/www.mendoza.gov.ar\/prensa\/wp-json\/wp\/v2\/types\/post"}],"author":[{"embeddable":true,"href":"https:\/\/www.mendoza.gov.ar\/prensa\/wp-json\/wp\/v2\/users\/3"}],"replies":[{"embeddable":true,"href":"https:\/\/www.mendoza.gov.ar\/prensa\/wp-json\/wp\/v2\/comments?post=15833"}],"version-history":[{"count":0,"href":"https:\/\/www.mendoza.gov.ar\/prensa\/wp-json\/wp\/v2\/posts\/15833\/revisions"}],"wp:attachment":[{"href":"https:\/\/www.mendoza.gov.ar\/prensa\/wp-json\/wp\/v2\/media?parent=15833"}],"wp:term":[{"taxonomy":"category","embeddable":true,"href":"https:\/\/www.mendoza.gov.ar\/prensa\/wp-json\/wp\/v2\/categories?post=15833"},{"taxonomy":"post_tag","embeddable":true,"href":"https:\/\/www.mendoza.gov.ar\/prensa\/wp-json\/wp\/v2\/tags?post=15833"}],"curies":[{"name":"wp","href":"https:\/\/api.w.org\/{rel}","templated":true}]}}