{"id":15952,"date":"2011-12-14T00:00:00","date_gmt":"2011-12-14T00:00:00","guid":{"rendered":"http:\/\/prensa.wp2.mendoza.gov.ar\/?p=15952"},"modified":"2011-12-14T00:00:00","modified_gmt":"2011-12-14T00:00:00","slug":"manana-asumira-el-subsecretario-de-obras-publicas","status":"publish","type":"post","link":"https:\/\/www.mendoza.gov.ar\/prensa\/manana-asumira-el-subsecretario-de-obras-publicas\/","title":{"rendered":"Ma\u00f1ana asumir\u00e1 el Subsecretario de Obras P\u00fablicas"},"content":{"rendered":"<!DOCTYPE html PUBLIC \"-\/\/W3C\/\/DTD HTML 4.0 Transitional\/\/EN\" \"http:\/\/www.w3.org\/TR\/REC-html40\/loose.dtd\">\n<html><body><p>Vaquer comenz&oacute; a cumplir sus funciones el lunes pasado pero ma&ntilde;ana se lo nombrar&aacute; oficialmente. El acto se realizar&aacute;&nbsp;a las 9&nbsp;en el Sal&oacute;n de los Acuerdos del S&eacute;ptimo piso de la Casa de Gobierno.<\/p>\n<p>Vaquer fue presidente del Honorable Concejo Deliberante de Lavalle y conoce especialmente la problem&aacute;tica que afecta a los departamentos alejados de la Capital en cuanto a la tramitaci&oacute;n y articulaci&oacute;n con el Ministerio para ejecutar las obras requeridas. Por eso propone que durante su gesti&oacute;n el acento est&eacute; puesto en la articulaci&oacute;n con los municipios a fin de agilizar los procedimientos necesarios para la ejecuci&oacute;n de los proyectos.<\/p>\n<p>Adem&aacute;s, a diferencia de la gesti&oacute;n anterior, esta Subsecretar&iacute;a tendr&aacute; a su cargo la ejecuci&oacute;n de los proyectos de servicios p&uacute;blicos b&aacute;sicos (agua, gas, cloacas y redes el&eacute;ctricas) en coordinaci&oacute;n con los entes municipales. De este modo, se pretende lograr una fluida articulaci&oacute;n entre el ministerio y el municipio para dar una r&aacute;pida respuesta a los pedidos vecinales.<\/p>\n<p>El nuevo subsecretario de Obras p&uacute;blicas ha trabajado desde el a&ntilde;o 1991 en la Municipalidad de Lavalle, donde realiz&oacute; diversas tareas relacionadas con el medio ambiente, con los servicios p&uacute;blicos, con las obras y con la tem&aacute;tica h&iacute;drica.<\/p>\n<p>Entre sus principales proyectos podemos mencionar la adecuaci&oacute;n del cauce del Rio Mendoza a fin del llenado de las Lagunas de Guanacache, la coordinaci&oacute;n de entrega de tierras a la comunicad huarpe, la gesti&oacute;n para la realizaci&oacute;n de diversos sistemas de provisi&oacute;n de agua potable y la coordinaci&oacute;n de programas de educaci&oacute;n ambiental en el Departamento de Lavalle.<\/p>\n<\/body><\/html>\n","protected":false},"excerpt":{"rendered":"Vaquer comenz&oacute; a cumplir sus funciones el lunes pasado pero ma&ntilde;ana se lo nombrar&aacute; oficialmente. El acto se realizar&aacute;&nbsp;a las 9&nbsp;en el Sal&oacute;n de los Acuerdos del S&eacute;ptimo piso de la Casa de Gobierno. Vaquer fue presidente del Honorable Concejo Deliberante de Lavalle y conoce especialmente la problem&aacute;tica que afecta a los departamentos alejados de&#8230; <a class=\"view-article\" href=\"https:\/\/www.mendoza.gov.ar\/prensa\/manana-asumira-el-subsecretario-de-obras-publicas\/\"><\/a>","protected":false},"author":3,"featured_media":0,"comment_status":"closed","ping_status":"open","sticky":false,"template":"","format":"standard","meta":[],"categories":[1],"tags":[],"_links":{"self":[{"href":"https:\/\/www.mendoza.gov.ar\/prensa\/wp-json\/wp\/v2\/posts\/15952"}],"collection":[{"href":"https:\/\/www.mendoza.gov.ar\/prensa\/wp-json\/wp\/v2\/posts"}],"about":[{"href":"https:\/\/www.mendoza.gov.ar\/prensa\/wp-json\/wp\/v2\/types\/post"}],"author":[{"embeddable":true,"href":"https:\/\/www.mendoza.gov.ar\/prensa\/wp-json\/wp\/v2\/users\/3"}],"replies":[{"embeddable":true,"href":"https:\/\/www.mendoza.gov.ar\/prensa\/wp-json\/wp\/v2\/comments?post=15952"}],"version-history":[{"count":0,"href":"https:\/\/www.mendoza.gov.ar\/prensa\/wp-json\/wp\/v2\/posts\/15952\/revisions"}],"wp:attachment":[{"href":"https:\/\/www.mendoza.gov.ar\/prensa\/wp-json\/wp\/v2\/media?parent=15952"}],"wp:term":[{"taxonomy":"category","embeddable":true,"href":"https:\/\/www.mendoza.gov.ar\/prensa\/wp-json\/wp\/v2\/categories?post=15952"},{"taxonomy":"post_tag","embeddable":true,"href":"https:\/\/www.mendoza.gov.ar\/prensa\/wp-json\/wp\/v2\/tags?post=15952"}],"curies":[{"name":"wp","href":"https:\/\/api.w.org\/{rel}","templated":true}]}}