{"id":15996,"date":"2011-02-15T00:00:00","date_gmt":"2011-02-15T00:00:00","guid":{"rendered":"http:\/\/prensa.wp2.mendoza.gov.ar\/?p=15996"},"modified":"2011-02-15T00:00:00","modified_gmt":"2011-02-15T00:00:00","slug":"el-ftyc-y-la-municipalidad-de-malargue-trabajaran-para-desarrollar-las-localidades-mas-alejadas","status":"publish","type":"post","link":"https:\/\/www.mendoza.gov.ar\/prensa\/el-ftyc-y-la-municipalidad-de-malargue-trabajaran-para-desarrollar-las-localidades-mas-alejadas\/","title":{"rendered":"El FTyC y la Municipalidad de Malarg\u00fce trabajar\u00e1n para desarrollar las localidades m\u00e1s alejadas"},"content":{"rendered":"<!DOCTYPE html PUBLIC \"-\/\/W3C\/\/DTD HTML 4.0 Transitional\/\/EN\" \"http:\/\/www.w3.org\/TR\/REC-html40\/loose.dtd\">\n<html><body><p>El Fondo para la Transformaci&oacute;n y el Crecimiento de Mendoza (FTyC) comenz&oacute; a trabajar en un plan para el desarrollo de localidades de Malarg&uuml;e, que estar&aacute; enmarcado en el Plan Estrat&eacute;gico de este departamento. Adem&aacute;s se trabajar&aacute; para crear l&iacute;neas especiales para la micro regi&oacute;n Malarg&uuml;e, San Rafael y General Alvear.<\/p>\n<p>El director ejecutivo del FTyC, Jos&eacute; Luis &Aacute;lvarez, visit&oacute; al intendente de Malarg&uuml;e, Juan Antonio Agulles, para comenzar a trabajar en l&iacute;neas de cr&eacute;dito que sean beneficiosas para los productores del departamento sure&ntilde;o.<\/p>\n<p>En la reuni&oacute;n tambi&eacute;n estuvo la directora de Plan Estrat&eacute;gico de Malarg&uuml;e, Graciela Viollaz, quien resalt&oacute; la importancia de pensar un plan que sea aplicable al corto plazo y que permita el desarrollo terriotorial.<\/p>\n<p>Desde el municipio resaltaron la importancia de desarrollar pueblos y localidades ubicadas en la Ruta 40, desde Bardas Blancas hasta Ranquil Norte, que son claves para el departamento.<\/p>\n<p>&ldquo;Es una puerta muy interesante de entrada de la provincia de Mendoza desde el Sur, pensando que el paso Pehuenche estar&aacute; abierto en el 2012&rdquo;, dijo Agulles durante la reuni&oacute;n que se llev&oacute; a cabo en la intendencia.<\/p>\n<p>El organismo financiero cuenta con una l&iacute;nea para el desarrollo de empresas y la instalaci&oacute;n de Parques Industriales y desde el municipio se trabajar&aacute; para la concreci&oacute;n de un espacio de estas caracter&iacute;sticas, que beneficiar&iacute;a a todos los industriales malarg&uuml;inos.<\/p>\n<p>Otro de los puntos sobresalientes fue la decisi&oacute;n de coordinar con los municipios de San Rafael y General Alvear para crear una microregi&oacute;n en donde el FTyC pueda ofrecer cr&eacute;ditos m&aacute;s flexibles para los peque&ntilde;os productores como se hizo en Santa Rosa, La Paz y Lavalle.<\/p>\n<p>Adem&aacute;s los t&eacute;cnicos del FTyC comenzar&aacute;n a trabajar en una l&iacute;nea de Servicios Petroleros y Mineros que estar&aacute; destinada a toda la provincia, pero principalmente a las empresas de este sector que est&aacute;n afiancadas en Malarg&uuml;e.<\/p>\n<p>&Aacute;lvarez, por su parte, record&oacute; las l&iacute;neas que est&aacute;n disponibles desdes el FTyC y que son de gran demanda en el sur, como la de Microcr&eacute;ditos (que se canaliza a trav&eacute;s de los municipios), de Servicios hasta $120 mil, Alfalfa, Papa semilia y Maquinaria Agr&iacute;cola.<\/p>\n<\/body><\/html>\n","protected":false},"excerpt":{"rendered":"El Fondo para la Transformaci&oacute;n y el Crecimiento de Mendoza (FTyC) comenz&oacute; a trabajar en un plan para el desarrollo de localidades de Malarg&uuml;e, que estar&aacute; enmarcado en el Plan Estrat&eacute;gico de este departamento. Adem&aacute;s se trabajar&aacute; para crear l&iacute;neas especiales para la micro regi&oacute;n Malarg&uuml;e, San Rafael y General Alvear. El director ejecutivo del&#8230; <a class=\"view-article\" href=\"https:\/\/www.mendoza.gov.ar\/prensa\/el-ftyc-y-la-municipalidad-de-malargue-trabajaran-para-desarrollar-las-localidades-mas-alejadas\/\"><\/a>","protected":false},"author":3,"featured_media":0,"comment_status":"closed","ping_status":"open","sticky":false,"template":"","format":"standard","meta":[],"categories":[12],"tags":[],"_links":{"self":[{"href":"https:\/\/www.mendoza.gov.ar\/prensa\/wp-json\/wp\/v2\/posts\/15996"}],"collection":[{"href":"https:\/\/www.mendoza.gov.ar\/prensa\/wp-json\/wp\/v2\/posts"}],"about":[{"href":"https:\/\/www.mendoza.gov.ar\/prensa\/wp-json\/wp\/v2\/types\/post"}],"author":[{"embeddable":true,"href":"https:\/\/www.mendoza.gov.ar\/prensa\/wp-json\/wp\/v2\/users\/3"}],"replies":[{"embeddable":true,"href":"https:\/\/www.mendoza.gov.ar\/prensa\/wp-json\/wp\/v2\/comments?post=15996"}],"version-history":[{"count":0,"href":"https:\/\/www.mendoza.gov.ar\/prensa\/wp-json\/wp\/v2\/posts\/15996\/revisions"}],"wp:attachment":[{"href":"https:\/\/www.mendoza.gov.ar\/prensa\/wp-json\/wp\/v2\/media?parent=15996"}],"wp:term":[{"taxonomy":"category","embeddable":true,"href":"https:\/\/www.mendoza.gov.ar\/prensa\/wp-json\/wp\/v2\/categories?post=15996"},{"taxonomy":"post_tag","embeddable":true,"href":"https:\/\/www.mendoza.gov.ar\/prensa\/wp-json\/wp\/v2\/tags?post=15996"}],"curies":[{"name":"wp","href":"https:\/\/api.w.org\/{rel}","templated":true}]}}