{"id":16025,"date":"2011-03-11T00:00:00","date_gmt":"2011-03-11T00:00:00","guid":{"rendered":"http:\/\/prensa.wp2.mendoza.gov.ar\/?p=16025"},"modified":"2011-03-11T00:00:00","modified_gmt":"2011-03-11T00:00:00","slug":"empresa-local-presento-su-carreton-de-exportacion","status":"publish","type":"post","link":"https:\/\/www.mendoza.gov.ar\/prensa\/empresa-local-presento-su-carreton-de-exportacion\/","title":{"rendered":"Empresa local present\u00f3 su &quot;carret\u00f3n de exportaci\u00f3n&quot;"},"content":{"rendered":"<!DOCTYPE html PUBLIC \"-\/\/W3C\/\/DTD HTML 4.0 Transitional\/\/EN\" \"http:\/\/www.w3.org\/TR\/REC-html40\/loose.dtd\">\n<html><body><p>Este viernes 11 de marzo, en la sede de la empresa ubicada en la Ruta 40 Km 23 de Perdriel, Luj&aacute;n de Cuyo, se llev&oacute; cabo la presentaci&oacute;n para empresarios y periodistas del modelo de carret&oacute;n que ser&aacute; exportado pr&oacute;ximamente a Per&uacute;.<\/p>\n<p>El objetivo de esta empresa no es solamente enviar este primer modelo a Chile sino continuar con esta exportaci&oacute;n durante todo el a&ntilde;o y poder establecer la primera planta industrial en la Zona Franca de Mendoza, donde ensamblar&iacute;a los pr&oacute;ximos carretones.<\/p>\n<p>La presentaci&oacute;n cont&oacute; con la presencia de Orlando Manduca, titular de la empresa, Javier Espina, Subsecretario de Promoci&oacute;n Industrial, Tecnolog&iacute;a y Servicios, Gabriela Fretes Gerente General del IDITS, organismo administrador de la Zona Franca y Pablo Portuso Subgerente de la Zona Franca, entre otros.<\/p>\n<\/body><\/html>\n","protected":false},"excerpt":{"rendered":"Este viernes 11 de marzo, en la sede de la empresa ubicada en la Ruta 40 Km 23 de Perdriel, Luj&aacute;n de Cuyo, se llev&oacute; cabo la presentaci&oacute;n para empresarios y periodistas del modelo de carret&oacute;n que ser&aacute; exportado pr&oacute;ximamente a Per&uacute;. El objetivo de esta empresa no es solamente enviar este primer modelo a&#8230; <a class=\"view-article\" href=\"https:\/\/www.mendoza.gov.ar\/prensa\/empresa-local-presento-su-carreton-de-exportacion\/\"><\/a>","protected":false},"author":3,"featured_media":0,"comment_status":"closed","ping_status":"open","sticky":false,"template":"","format":"standard","meta":[],"categories":[12],"tags":[],"_links":{"self":[{"href":"https:\/\/www.mendoza.gov.ar\/prensa\/wp-json\/wp\/v2\/posts\/16025"}],"collection":[{"href":"https:\/\/www.mendoza.gov.ar\/prensa\/wp-json\/wp\/v2\/posts"}],"about":[{"href":"https:\/\/www.mendoza.gov.ar\/prensa\/wp-json\/wp\/v2\/types\/post"}],"author":[{"embeddable":true,"href":"https:\/\/www.mendoza.gov.ar\/prensa\/wp-json\/wp\/v2\/users\/3"}],"replies":[{"embeddable":true,"href":"https:\/\/www.mendoza.gov.ar\/prensa\/wp-json\/wp\/v2\/comments?post=16025"}],"version-history":[{"count":0,"href":"https:\/\/www.mendoza.gov.ar\/prensa\/wp-json\/wp\/v2\/posts\/16025\/revisions"}],"wp:attachment":[{"href":"https:\/\/www.mendoza.gov.ar\/prensa\/wp-json\/wp\/v2\/media?parent=16025"}],"wp:term":[{"taxonomy":"category","embeddable":true,"href":"https:\/\/www.mendoza.gov.ar\/prensa\/wp-json\/wp\/v2\/categories?post=16025"},{"taxonomy":"post_tag","embeddable":true,"href":"https:\/\/www.mendoza.gov.ar\/prensa\/wp-json\/wp\/v2\/tags?post=16025"}],"curies":[{"name":"wp","href":"https:\/\/api.w.org\/{rel}","templated":true}]}}