{"id":16027,"date":"2011-03-14T00:00:00","date_gmt":"2011-03-14T00:00:00","guid":{"rendered":"http:\/\/prensa.wp2.mendoza.gov.ar\/?p=16027"},"modified":"2011-03-14T00:00:00","modified_gmt":"2011-03-14T00:00:00","slug":"la-legislatura-aprobo-la-creacion-de-una-zona-logistica-integral","status":"publish","type":"post","link":"https:\/\/www.mendoza.gov.ar\/prensa\/la-legislatura-aprobo-la-creacion-de-una-zona-logistica-integral\/","title":{"rendered":"La Legislatura aprob\u00f3 la creaci\u00f3n de una zona log\u00edstica integral"},"content":{"rendered":"<!DOCTYPE html PUBLIC \"-\/\/W3C\/\/DTD HTML 4.0 Transitional\/\/EN\" \"http:\/\/www.w3.org\/TR\/REC-html40\/loose.dtd\">\n<html><body><p>El ministro de Producci&oacute;n, Ra&uacute;l Mercau, inform&oacute; que el Senado y la C&aacute;mara de Diputados de la provincia, aprobaron la ley n&ordm; 8.271 por la cual se autoriza el llamado a licitaci&oacute;n en la zona Franca, para la constituci&oacute;n de una zona general aduanera y una zona de log&iacute;stica integral, en Luj&aacute;n.<\/p>\n<p>Adem&aacute;s, el ministro anunci&oacute; actividades que se realizar&aacute;n en el transcurso de la semana. El mi&eacute;rcoles se desarrollar&aacute; una ronda de negocios inversa para continuar con las acciones de promoci&oacute;n de los mercados de Asia. Ocho importadores provenientes de Vietnam, China, India, Taiw&aacute;n, Tailandia y Hong Kong se entrevistar&aacute;n con 25 pymes vitivin&iacute;colas de la provincia.<\/p>\n<p>El jueves y continuando con la pol&iacute;tica de defensa de la producci&oacute;n, que lleva adelante el Ministerio se entregar&aacute; en la zona Sur (San Rafael y General Alvear) un subsidio que beneficiar&aacute; a 110 productores de fruta fresca y vid,&nbsp; que permitir&aacute; cubrir el 30% de sus cultivos con malla antigranizo.<\/p>\n<p>Al respecto, el ministro de Hacienda, Adri&aacute;n Cerroni, se&ntilde;al&oacute;: &ldquo;Este plan se encuentra dentro del Programa de Desarrollo Productivo y Competitividad de la provincia de Mendoza, que lleva adelante la Unidad de Financiamiento Internacional (UFI), dependiente del Ministerio de Hacienda. Se trata de financiamiento para la compra de malla antigranizo, para el rubro frutas frescas y vino fino&rdquo;.<\/p>\n<p>El monto destinado es de $3.940.000 de un total de $6.800.000, que se dispondr&aacute;n completamente cuando se ejecute la siguiente etapa&rdquo;, especific&oacute; Cerroni.<\/p>\n<\/body><\/html>\n","protected":false},"excerpt":{"rendered":"El ministro de Producci&oacute;n, Ra&uacute;l Mercau, inform&oacute; que el Senado y la C&aacute;mara de Diputados de la provincia, aprobaron la ley n&ordm; 8.271 por la cual se autoriza el llamado a licitaci&oacute;n en la zona Franca, para la constituci&oacute;n de una zona general aduanera y una zona de log&iacute;stica integral, en Luj&aacute;n. Adem&aacute;s, el ministro&#8230; <a class=\"view-article\" href=\"https:\/\/www.mendoza.gov.ar\/prensa\/la-legislatura-aprobo-la-creacion-de-una-zona-logistica-integral\/\"><\/a>","protected":false},"author":3,"featured_media":0,"comment_status":"closed","ping_status":"open","sticky":false,"template":"","format":"standard","meta":[],"categories":[12],"tags":[],"_links":{"self":[{"href":"https:\/\/www.mendoza.gov.ar\/prensa\/wp-json\/wp\/v2\/posts\/16027"}],"collection":[{"href":"https:\/\/www.mendoza.gov.ar\/prensa\/wp-json\/wp\/v2\/posts"}],"about":[{"href":"https:\/\/www.mendoza.gov.ar\/prensa\/wp-json\/wp\/v2\/types\/post"}],"author":[{"embeddable":true,"href":"https:\/\/www.mendoza.gov.ar\/prensa\/wp-json\/wp\/v2\/users\/3"}],"replies":[{"embeddable":true,"href":"https:\/\/www.mendoza.gov.ar\/prensa\/wp-json\/wp\/v2\/comments?post=16027"}],"version-history":[{"count":0,"href":"https:\/\/www.mendoza.gov.ar\/prensa\/wp-json\/wp\/v2\/posts\/16027\/revisions"}],"wp:attachment":[{"href":"https:\/\/www.mendoza.gov.ar\/prensa\/wp-json\/wp\/v2\/media?parent=16027"}],"wp:term":[{"taxonomy":"category","embeddable":true,"href":"https:\/\/www.mendoza.gov.ar\/prensa\/wp-json\/wp\/v2\/categories?post=16027"},{"taxonomy":"post_tag","embeddable":true,"href":"https:\/\/www.mendoza.gov.ar\/prensa\/wp-json\/wp\/v2\/tags?post=16027"}],"curies":[{"name":"wp","href":"https:\/\/api.w.org\/{rel}","templated":true}]}}