{"id":16031,"date":"2011-03-18T00:00:00","date_gmt":"2011-03-18T00:00:00","guid":{"rendered":"http:\/\/prensa.wp2.mendoza.gov.ar\/?p=16031"},"modified":"2011-03-18T00:00:00","modified_gmt":"2011-03-18T00:00:00","slug":"mendoza-logro-nuevamente-la-aprobacion-de-los-informes-tecnicos-para-la-emergencia-agropecuar%e2%80%8bia","status":"publish","type":"post","link":"https:\/\/www.mendoza.gov.ar\/prensa\/mendoza-logro-nuevamente-la-aprobacion-de-los-informes-tecnicos-para-la-emergencia-agropecuar%e2%80%8bia\/","title":{"rendered":"Mendoza logr\u00f3 nuevamente la aprobaci\u00f3n de los informes t\u00e9cnicos para la emergencia agropecuar\u200bia"},"content":{"rendered":"<!DOCTYPE html PUBLIC \"-\/\/W3C\/\/DTD HTML 4.0 Transitional\/\/EN\" \"http:\/\/www.w3.org\/TR\/REC-html40\/loose.dtd\">\n<html><body><p>Ambos decretos provinciales contemplan la cobertura frente a situaciones de emergencia y desastre por adversidades clim&aacute;ticas de acuerdo con la magnitud del da&ntilde;o y el distrito afectado. El primero de ellos, el 237, incluye los da&ntilde;os por la helada del 9 de noviembre de 2010 y a las tormentas graniceras ocurridas hasta el 15 de enero de este a&ntilde;o, mientras que el segundo (238\/11), a los da&ntilde;os de las tormentas registradas durante febrero de 2011.<\/p>\n<p>En esta ocasi&oacute;n viajaron a Buenos Aires, el Subsecretario de Programaci&oacute;n Agroalimentaria y Gesti&oacute;n de la Calidad, Ing. Ra&uacute;l Mill&aacute;n, el Coordinador de Apicultura, Julio Ram&iacute;rez y el Director de la DACC, Ing. Ra&uacute;l Besa. Los representantes mendocinos expusieron ante dicha Comisi&oacute;n los informes t&eacute;cnicos y detallaron las caracter&iacute;sticas de los &uacute;ltimos eventos clim&aacute;ticos registrados en la provincia y la estimaci&oacute;n de las p&eacute;rdidas agr&iacute;colas y en la producci&oacute;n ap&iacute;cola, someti&eacute;ndose luego a preguntas, hasta llegar finalmente a su aprobaci&oacute;n.<\/p>\n<p>De este modo, los productores mendocinos contar&aacute;n otra vez con el apoyo de la Ley de Emergencia Agropecuaria hasta marzo de 2012, para hacer frente a las distintas contingencias que afectaron a sus cultivos y su producci&oacute;n local, como tambi&eacute;n de fondos provenientes de la Naci&oacute;n.<\/p>\n<\/body><\/html>\n","protected":false},"excerpt":{"rendered":"Ambos decretos provinciales contemplan la cobertura frente a situaciones de emergencia y desastre por adversidades clim&aacute;ticas de acuerdo con la magnitud del da&ntilde;o y el distrito afectado. El primero de ellos, el 237, incluye los da&ntilde;os por la helada del 9 de noviembre de 2010 y a las tormentas graniceras ocurridas hasta el 15 de&#8230; <a class=\"view-article\" href=\"https:\/\/www.mendoza.gov.ar\/prensa\/mendoza-logro-nuevamente-la-aprobacion-de-los-informes-tecnicos-para-la-emergencia-agropecuar%e2%80%8bia\/\"><\/a>","protected":false},"author":3,"featured_media":0,"comment_status":"closed","ping_status":"open","sticky":false,"template":"","format":"standard","meta":[],"categories":[12],"tags":[],"_links":{"self":[{"href":"https:\/\/www.mendoza.gov.ar\/prensa\/wp-json\/wp\/v2\/posts\/16031"}],"collection":[{"href":"https:\/\/www.mendoza.gov.ar\/prensa\/wp-json\/wp\/v2\/posts"}],"about":[{"href":"https:\/\/www.mendoza.gov.ar\/prensa\/wp-json\/wp\/v2\/types\/post"}],"author":[{"embeddable":true,"href":"https:\/\/www.mendoza.gov.ar\/prensa\/wp-json\/wp\/v2\/users\/3"}],"replies":[{"embeddable":true,"href":"https:\/\/www.mendoza.gov.ar\/prensa\/wp-json\/wp\/v2\/comments?post=16031"}],"version-history":[{"count":0,"href":"https:\/\/www.mendoza.gov.ar\/prensa\/wp-json\/wp\/v2\/posts\/16031\/revisions"}],"wp:attachment":[{"href":"https:\/\/www.mendoza.gov.ar\/prensa\/wp-json\/wp\/v2\/media?parent=16031"}],"wp:term":[{"taxonomy":"category","embeddable":true,"href":"https:\/\/www.mendoza.gov.ar\/prensa\/wp-json\/wp\/v2\/categories?post=16031"},{"taxonomy":"post_tag","embeddable":true,"href":"https:\/\/www.mendoza.gov.ar\/prensa\/wp-json\/wp\/v2\/tags?post=16031"}],"curies":[{"name":"wp","href":"https:\/\/api.w.org\/{rel}","templated":true}]}}