{"id":16036,"date":"2011-03-30T00:00:00","date_gmt":"2011-03-30T00:00:00","guid":{"rendered":"http:\/\/prensa.wp2.mendoza.gov.ar\/?p=16036"},"modified":"2011-03-30T00:00:00","modified_gmt":"2011-03-30T00:00:00","slug":"productores-de-san-martin-junin-y-santa-rosa-cubriran-sus-cultivos-con-malla-antigranizo","status":"publish","type":"post","link":"https:\/\/www.mendoza.gov.ar\/prensa\/productores-de-san-martin-junin-y-santa-rosa-cubriran-sus-cultivos-con-malla-antigranizo\/","title":{"rendered":"Productores de San Mart\u00edn, Jun\u00edn y Santa Rosa cubrir\u00e1n sus cultivos con Malla Antigranizo"},"content":{"rendered":"<!DOCTYPE html PUBLIC \"-\/\/W3C\/\/DTD HTML 4.0 Transitional\/\/EN\" \"http:\/\/www.w3.org\/TR\/REC-html40\/loose.dtd\">\n<html><body><p>Unos Seis grupos asociativos, conformados por 23 productores cubrir&aacute;n sus cultivos con malla antigranizo. Se les entregar&aacute; un monto no reembolsable de $ 421.510 como primer desembolso. Cabe destacar que el importe total de los proyectos aprobados es de $ 844.020.<\/p>\n<p>El segundo desembolso se entregar&aacute; una vez ejecutados los fondos y hecha la rendici&oacute;n a la autoridad competente.<\/p>\n<p>Esta entrega se realiza en el marco del programa Protegiendo Cultivos en Mendoza VID &ndash; FRUTALES (colocaci&oacute;n de de malla antigranizo ) que lleva a cabo el Ministerio de Producci&oacute;n. En el transcurso del a&ntilde;o 2010 se entregaron $ 1.179.942,73, beneficiando de esta forma a 34 productores alvearenses. La semana pasada se complet&oacute; el pago del primer desembolso a 83 productores de San Rafael y 75 productores de General Alvear.<\/p>\n<p>La iniciativa que trabaja el Subprograma de Clusters est&aacute; destinada a productores vitivin&iacute;colas y frut&iacute;colas de Mendoza que poseen superficies implantadas no mayores a 10 hect&aacute;reas. Para proteger los cultivos, el gobierno ha destinado $ 12.000.000 y adem&aacute;s ha brindado una capacitaci&oacute;n en asociativismo a los productores que conformaron los 37 grupos de iniciativas Clusters.<\/p>\n<p>Asistir&aacute;n al acto de entrega de fondos el Ministro de Producci&oacute;n, Tecnolog&iacute;a e Innovaci&oacute;n, Ra&uacute;l Mercau, los subsecretario de Promoci&oacute;n Industrial, Tecnolog&iacute;a y Servicios, Javier Espina, y de Gesti&oacute;n P&uacute;blica, Alberto Gurruchaga y la Gerente del Subprograma de Promoci&oacute;n de Clusters, Alejandra Rapacioli.<\/p>\n<p>Adem&aacute;s estar&aacute;nllos Intendente de San Mart&iacute;n, Jorge Omar Gimenez; de Santa Rosa, Sergio Delgado, y el director de Promoci&oacute;n Econ&oacute;mica de Jun&iacute;n, Jacinto Romero.<\/p>\n<\/body><\/html>\n","protected":false},"excerpt":{"rendered":"Unos Seis grupos asociativos, conformados por 23 productores cubrir&aacute;n sus cultivos con malla antigranizo. Se les entregar&aacute; un monto no reembolsable de $ 421.510 como primer desembolso. Cabe destacar que el importe total de los proyectos aprobados es de $ 844.020. El segundo desembolso se entregar&aacute; una vez ejecutados los fondos y hecha la rendici&oacute;n&#8230; <a class=\"view-article\" href=\"https:\/\/www.mendoza.gov.ar\/prensa\/productores-de-san-martin-junin-y-santa-rosa-cubriran-sus-cultivos-con-malla-antigranizo\/\"><\/a>","protected":false},"author":3,"featured_media":0,"comment_status":"closed","ping_status":"open","sticky":false,"template":"","format":"standard","meta":[],"categories":[12],"tags":[],"_links":{"self":[{"href":"https:\/\/www.mendoza.gov.ar\/prensa\/wp-json\/wp\/v2\/posts\/16036"}],"collection":[{"href":"https:\/\/www.mendoza.gov.ar\/prensa\/wp-json\/wp\/v2\/posts"}],"about":[{"href":"https:\/\/www.mendoza.gov.ar\/prensa\/wp-json\/wp\/v2\/types\/post"}],"author":[{"embeddable":true,"href":"https:\/\/www.mendoza.gov.ar\/prensa\/wp-json\/wp\/v2\/users\/3"}],"replies":[{"embeddable":true,"href":"https:\/\/www.mendoza.gov.ar\/prensa\/wp-json\/wp\/v2\/comments?post=16036"}],"version-history":[{"count":0,"href":"https:\/\/www.mendoza.gov.ar\/prensa\/wp-json\/wp\/v2\/posts\/16036\/revisions"}],"wp:attachment":[{"href":"https:\/\/www.mendoza.gov.ar\/prensa\/wp-json\/wp\/v2\/media?parent=16036"}],"wp:term":[{"taxonomy":"category","embeddable":true,"href":"https:\/\/www.mendoza.gov.ar\/prensa\/wp-json\/wp\/v2\/categories?post=16036"},{"taxonomy":"post_tag","embeddable":true,"href":"https:\/\/www.mendoza.gov.ar\/prensa\/wp-json\/wp\/v2\/tags?post=16036"}],"curies":[{"name":"wp","href":"https:\/\/api.w.org\/{rel}","templated":true}]}}