{"id":16075,"date":"2011-05-09T00:00:00","date_gmt":"2011-05-09T00:00:00","guid":{"rendered":"http:\/\/prensa.wp2.mendoza.gov.ar\/?p=16075"},"modified":"2011-05-09T00:00:00","modified_gmt":"2011-05-09T00:00:00","slug":"este-miercoles-habra-un-workshop-de-packaging-estrategico-en-la-enoteca","status":"publish","type":"post","link":"https:\/\/www.mendoza.gov.ar\/prensa\/este-miercoles-habra-un-workshop-de-packaging-estrategico-en-la-enoteca\/","title":{"rendered":"Este mi\u00e9rcoles habr\u00e1 un Workshop de packaging estrat\u00e9gico en la Enoteca"},"content":{"rendered":"<!DOCTYPE html PUBLIC \"-\/\/W3C\/\/DTD HTML 4.0 Transitional\/\/EN\" \"http:\/\/www.w3.org\/TR\/REC-html40\/loose.dtd\">\n<html><body><p>Este mi&eacute;rcoles -11 de mayo- a partir de las 9.30 en la Enoteca del Centro de Congresos, Peltier 611, Ciudad de Mendoza, habr&aacute; un workshop de Branding y Packaging Estrat&eacute;gico con casos pr&aacute;cticos y de an&aacute;lisis.<\/p>\n<p>La jornada se desarrollar&aacute; de 9.30 a 12.30 y de 14 a 18. Por la ma&ntilde;ana se realizar&aacute; una disertaci&oacute;n en donde se expondr&aacute;n nociones b&aacute;sicas de cada especialidad y por la tarde se realizar&aacute; ejercitaci&oacute;n para que los capacitados, mediante un ejercicio pr&aacute;ctico, comprendan la verdadera dimensi&oacute;n de los recursos visuales.<\/p>\n\n<p>El workshop estar&aacute; a cargo del dise&ntilde;ador gr&aacute;fico Adrian Pierini, ganador de cuatro premios pentawards . Es director general creativo de Pierini Partners, prestigioso estudio de branding y packaging argentino. Posee m&aacute;s de 18 a&ntilde;os de trayectoria y un porfolio que supera los 420 proyectos, mucho de ellos de implementaci&oacute;n global.<\/p>\n\n<p>La iniciativa se realiza en el marco del Proyecto de Zona Mendoza Dise&ntilde;a (ZMD), que surge para vincular diversos sectores en torno al dise&ntilde;o y sus potencialidades, comprendiendo la importancia del mismo y gestionando actividades -seminario, conferencias y proyectos- que promuevan y asistan a comercios, industrias, profesionales vinculados, estudiantes, entre otros.<\/p>\n\n<p>La inscripci&oacute;n se realiza en la sede del Instituto de Desarrollo Comercial (IDC), Necochea 465, Ciudad de Mendoza, de lunes a viernes de 9 a 17, tel 4204812\/2786. El curso tiene un costo de $50.<\/p>\n\n<p>Edici&oacute;n: Sandra Pizarro<\/p>\n<\/body><\/html>\n","protected":false},"excerpt":{"rendered":"Este mi&eacute;rcoles -11 de mayo- a partir de las 9.30 en la Enoteca del Centro de Congresos, Peltier 611, Ciudad de Mendoza, habr&aacute; un workshop de Branding y Packaging Estrat&eacute;gico con casos pr&aacute;cticos y de an&aacute;lisis. La jornada se desarrollar&aacute; de 9.30 a 12.30 y de 14 a 18. Por la ma&ntilde;ana se realizar&aacute; una&#8230; <a class=\"view-article\" href=\"https:\/\/www.mendoza.gov.ar\/prensa\/este-miercoles-habra-un-workshop-de-packaging-estrategico-en-la-enoteca\/\"><\/a>","protected":false},"author":3,"featured_media":0,"comment_status":"closed","ping_status":"open","sticky":false,"template":"","format":"standard","meta":[],"categories":[12],"tags":[],"_links":{"self":[{"href":"https:\/\/www.mendoza.gov.ar\/prensa\/wp-json\/wp\/v2\/posts\/16075"}],"collection":[{"href":"https:\/\/www.mendoza.gov.ar\/prensa\/wp-json\/wp\/v2\/posts"}],"about":[{"href":"https:\/\/www.mendoza.gov.ar\/prensa\/wp-json\/wp\/v2\/types\/post"}],"author":[{"embeddable":true,"href":"https:\/\/www.mendoza.gov.ar\/prensa\/wp-json\/wp\/v2\/users\/3"}],"replies":[{"embeddable":true,"href":"https:\/\/www.mendoza.gov.ar\/prensa\/wp-json\/wp\/v2\/comments?post=16075"}],"version-history":[{"count":0,"href":"https:\/\/www.mendoza.gov.ar\/prensa\/wp-json\/wp\/v2\/posts\/16075\/revisions"}],"wp:attachment":[{"href":"https:\/\/www.mendoza.gov.ar\/prensa\/wp-json\/wp\/v2\/media?parent=16075"}],"wp:term":[{"taxonomy":"category","embeddable":true,"href":"https:\/\/www.mendoza.gov.ar\/prensa\/wp-json\/wp\/v2\/categories?post=16075"},{"taxonomy":"post_tag","embeddable":true,"href":"https:\/\/www.mendoza.gov.ar\/prensa\/wp-json\/wp\/v2\/tags?post=16075"}],"curies":[{"name":"wp","href":"https:\/\/api.w.org\/{rel}","templated":true}]}}