{"id":16113,"date":"2011-05-30T00:00:00","date_gmt":"2011-05-30T00:00:00","guid":{"rendered":"http:\/\/prensa.wp2.mendoza.gov.ar\/?p=16113"},"modified":"2011-05-30T00:00:00","modified_gmt":"2011-05-30T00:00:00","slug":"manana-inician-distribucion-de-azucar-para-proteger-la-industria-apicola-del-frio","status":"publish","type":"post","link":"https:\/\/www.mendoza.gov.ar\/prensa\/manana-inician-distribucion-de-azucar-para-proteger-la-industria-apicola-del-frio\/","title":{"rendered":"Ma\u00f1ana inician distribuci\u00f3n de az\u00facar para proteger la industria ap\u00edcola del fr\u00edo"},"content":{"rendered":"<!DOCTYPE html PUBLIC \"-\/\/W3C\/\/DTD HTML 4.0 Transitional\/\/EN\" \"http:\/\/www.w3.org\/TR\/REC-html40\/loose.dtd\">\n<html><body><p>Ma&ntilde;ana (martes 31) en Lavalle y San Rafael, el ministerio de Producci&oacute;n, Tecnolog&iacute;a e Innovaci&oacute;n har&aacute; entrega a productores ap&iacute;colas de 2kg de Az&uacute;car por colmena, con un l&iacute;mite de 200 colmenas por productor. El total de kilogramos que se entregar&aacute; en esta primera etapa, rondar&aacute; los 68.000 kg.<\/p>\n<p>El subsecretario de Programaci&oacute;n Alimentaria y Gesti&oacute;n de Calidad, Ra&uacute;l Mill&aacute;n,  explic&oacute;:&ldquo;La provisi&oacute;n de az&uacute;car permitir&aacute; suplementar la alimentaci&oacute;n de las abejas evitando la p&eacute;rdida de apiarios en nuestra provincia y mejorando la calidad productiva. De esta forma se aumentar&aacute; el promedio anual de la producci&oacute;n&rdquo;.<\/p>\n<p>Esta actividad est&aacute; enmarcada dentro de la Emergencia Ap&iacute;cola declarada en abril de 2010, la cual ha sido prorrogada hasta marzo de 2012 y abarcar&aacute; a 396 productores que se vieron afectados en el &uacute;ltimo per&iacute;odo agr&iacute;cola por factores clim&aacute;ticos como la sequ&iacute;a y el granizo.<\/p>\n<\/body><\/html>\n","protected":false},"excerpt":{"rendered":"Ma&ntilde;ana (martes 31) en Lavalle y San Rafael, el ministerio de Producci&oacute;n, Tecnolog&iacute;a e Innovaci&oacute;n har&aacute; entrega a productores ap&iacute;colas de 2kg de Az&uacute;car por colmena, con un l&iacute;mite de 200 colmenas por productor. El total de kilogramos que se entregar&aacute; en esta primera etapa, rondar&aacute; los 68.000 kg. El subsecretario de Programaci&oacute;n Alimentaria y&#8230; <a class=\"view-article\" href=\"https:\/\/www.mendoza.gov.ar\/prensa\/manana-inician-distribucion-de-azucar-para-proteger-la-industria-apicola-del-frio\/\"><\/a>","protected":false},"author":3,"featured_media":0,"comment_status":"closed","ping_status":"open","sticky":false,"template":"","format":"standard","meta":[],"categories":[12],"tags":[],"_links":{"self":[{"href":"https:\/\/www.mendoza.gov.ar\/prensa\/wp-json\/wp\/v2\/posts\/16113"}],"collection":[{"href":"https:\/\/www.mendoza.gov.ar\/prensa\/wp-json\/wp\/v2\/posts"}],"about":[{"href":"https:\/\/www.mendoza.gov.ar\/prensa\/wp-json\/wp\/v2\/types\/post"}],"author":[{"embeddable":true,"href":"https:\/\/www.mendoza.gov.ar\/prensa\/wp-json\/wp\/v2\/users\/3"}],"replies":[{"embeddable":true,"href":"https:\/\/www.mendoza.gov.ar\/prensa\/wp-json\/wp\/v2\/comments?post=16113"}],"version-history":[{"count":0,"href":"https:\/\/www.mendoza.gov.ar\/prensa\/wp-json\/wp\/v2\/posts\/16113\/revisions"}],"wp:attachment":[{"href":"https:\/\/www.mendoza.gov.ar\/prensa\/wp-json\/wp\/v2\/media?parent=16113"}],"wp:term":[{"taxonomy":"category","embeddable":true,"href":"https:\/\/www.mendoza.gov.ar\/prensa\/wp-json\/wp\/v2\/categories?post=16113"},{"taxonomy":"post_tag","embeddable":true,"href":"https:\/\/www.mendoza.gov.ar\/prensa\/wp-json\/wp\/v2\/tags?post=16113"}],"curies":[{"name":"wp","href":"https:\/\/api.w.org\/{rel}","templated":true}]}}