{"id":16119,"date":"2011-02-06T00:00:00","date_gmt":"2011-02-06T00:00:00","guid":{"rendered":"http:\/\/prensa.wp2.mendoza.gov.ar\/?p=16119"},"modified":"2011-02-06T00:00:00","modified_gmt":"2011-02-06T00:00:00","slug":"gestion-estrategica-en-el-diseno-distinguiran-a-empresas-y-a-profesionales","status":"publish","type":"post","link":"https:\/\/www.mendoza.gov.ar\/prensa\/gestion-estrategica-en-el-diseno-distinguiran-a-empresas-y-a-profesionales\/","title":{"rendered":"Gesti\u00f3n estrat\u00e9gica en el dise\u00f1o: distinguir\u00e1n a empresas y a profesionales"},"content":{"rendered":"<!DOCTYPE html PUBLIC \"-\/\/W3C\/\/DTD HTML 4.0 Transitional\/\/EN\" \"http:\/\/www.w3.org\/TR\/REC-html40\/loose.dtd\">\n<html><body><p>Se trata de una distinci&oacute;n que busca estimular el dise&ntilde;o dentro de las empresas como un factor de innovaci&oacute;n y mejora en la gesti&oacute;n, para desarrollar productos diferenciados y competitivos.<\/p>\n<p>La convocatoria est&aacute; orientada a dise&ntilde;adores locales que se desempe&ntilde;en en empresas de productos industriales; equipamiento, mobiliario, calzado,&nbsp; marroquiner&iacute;a, bazar, consumo, empaque y envases estructurales. Se dar&aacute; especial prioridad a aquellos profesionales quehayan promovido el dise&ntilde;o por su creatividad y por haber tomado la decisi&oacute;n de a&ntilde;adir valor a sus productos.<\/p>\n<p>M&aacute;s informaci&oacute;n a trav&eacute;s del correo electr&oacute;nico: mlbrera@fundacionidc.org.ar.<\/p>\n<p>Edici&oacute;n: Sandra Pizarro.<\/p>\n<\/body><\/html>\n","protected":false},"excerpt":{"rendered":"Se trata de una distinci&oacute;n que busca estimular el dise&ntilde;o dentro de las empresas como un factor de innovaci&oacute;n y mejora en la gesti&oacute;n, para desarrollar productos diferenciados y competitivos. La convocatoria est&aacute; orientada a dise&ntilde;adores locales que se desempe&ntilde;en en empresas de productos industriales; equipamiento, mobiliario, calzado,&nbsp; marroquiner&iacute;a, bazar, consumo, empaque y envases estructurales&#8230;. <a class=\"view-article\" href=\"https:\/\/www.mendoza.gov.ar\/prensa\/gestion-estrategica-en-el-diseno-distinguiran-a-empresas-y-a-profesionales\/\"><\/a>","protected":false},"author":3,"featured_media":0,"comment_status":"closed","ping_status":"open","sticky":false,"template":"","format":"standard","meta":[],"categories":[12],"tags":[],"_links":{"self":[{"href":"https:\/\/www.mendoza.gov.ar\/prensa\/wp-json\/wp\/v2\/posts\/16119"}],"collection":[{"href":"https:\/\/www.mendoza.gov.ar\/prensa\/wp-json\/wp\/v2\/posts"}],"about":[{"href":"https:\/\/www.mendoza.gov.ar\/prensa\/wp-json\/wp\/v2\/types\/post"}],"author":[{"embeddable":true,"href":"https:\/\/www.mendoza.gov.ar\/prensa\/wp-json\/wp\/v2\/users\/3"}],"replies":[{"embeddable":true,"href":"https:\/\/www.mendoza.gov.ar\/prensa\/wp-json\/wp\/v2\/comments?post=16119"}],"version-history":[{"count":0,"href":"https:\/\/www.mendoza.gov.ar\/prensa\/wp-json\/wp\/v2\/posts\/16119\/revisions"}],"wp:attachment":[{"href":"https:\/\/www.mendoza.gov.ar\/prensa\/wp-json\/wp\/v2\/media?parent=16119"}],"wp:term":[{"taxonomy":"category","embeddable":true,"href":"https:\/\/www.mendoza.gov.ar\/prensa\/wp-json\/wp\/v2\/categories?post=16119"},{"taxonomy":"post_tag","embeddable":true,"href":"https:\/\/www.mendoza.gov.ar\/prensa\/wp-json\/wp\/v2\/tags?post=16119"}],"curies":[{"name":"wp","href":"https:\/\/api.w.org\/{rel}","templated":true}]}}