{"id":16188,"date":"2011-08-05T00:00:00","date_gmt":"2011-08-05T00:00:00","guid":{"rendered":"http:\/\/prensa.wp2.mendoza.gov.ar\/?p=16188"},"modified":"2011-08-05T00:00:00","modified_gmt":"2011-08-05T00:00:00","slug":"contingencias-climaticas-brindara-una-charla-sobre-agrometeorologia-y-aerodinamica-en-monte-coman","status":"publish","type":"post","link":"https:\/\/www.mendoza.gov.ar\/prensa\/contingencias-climaticas-brindara-una-charla-sobre-agrometeorologia-y-aerodinamica-en-monte-coman\/","title":{"rendered":"Contingencias Clim\u00e1ticas brindar\u00e1 una charla sobre agrometeorolog\u00eda y aerodin\u00e1mica en Monte Com\u00e1n"},"content":{"rendered":"<!DOCTYPE html PUBLIC \"-\/\/W3C\/\/DTD HTML 4.0 Transitional\/\/EN\" \"http:\/\/www.w3.org\/TR\/REC-html40\/loose.dtd\">\n<html><body><p>El pr&oacute;ximo lunes (8 de Agosto), en la Escuela T&eacute;cnica de Monte Com&aacute;n, el director de Contingencias Clim&aacute;ticas, Ra&uacute;l Besa y el observador meteorol&oacute;gico, Jos&eacute; Hervas. disertar&aacute;n sobre agrometeorolog&iacute;a y aerodin&aacute;mica para los alumnos del establecimiento.<\/p>\n<p>Los horarios y temas de las actividades son: a las 14, vuelo de un parafoil, caracter&iacute;sticas, meteorolog&iacute;a b&aacute;sica, vientos y nubes; a las 15, pr&aacute;cticas con paraca&iacute;das planeados y a las 16, se realizar&aacute;n estudios de meteorolog&iacute;a sobre nubes, familias, formaci&oacute;n de cumulus nimbus, etapa de precipitaci&oacute;n de granizo y m&eacute;todos de siembra.<\/p>\n<p>La disertaci&oacute;n abarcar&aacute; toda la jornada escolar extendi&eacute;ndose hasta las 18.<\/p>\n<\/body><\/html>\n","protected":false},"excerpt":{"rendered":"El pr&oacute;ximo lunes (8 de Agosto), en la Escuela T&eacute;cnica de Monte Com&aacute;n, el director de Contingencias Clim&aacute;ticas, Ra&uacute;l Besa y el observador meteorol&oacute;gico, Jos&eacute; Hervas. disertar&aacute;n sobre agrometeorolog&iacute;a y aerodin&aacute;mica para los alumnos del establecimiento. Los horarios y temas de las actividades son: a las 14, vuelo de un parafoil, caracter&iacute;sticas, meteorolog&iacute;a b&aacute;sica, vientos&#8230; <a class=\"view-article\" href=\"https:\/\/www.mendoza.gov.ar\/prensa\/contingencias-climaticas-brindara-una-charla-sobre-agrometeorologia-y-aerodinamica-en-monte-coman\/\"><\/a>","protected":false},"author":3,"featured_media":0,"comment_status":"closed","ping_status":"open","sticky":false,"template":"","format":"standard","meta":[],"categories":[12],"tags":[],"_links":{"self":[{"href":"https:\/\/www.mendoza.gov.ar\/prensa\/wp-json\/wp\/v2\/posts\/16188"}],"collection":[{"href":"https:\/\/www.mendoza.gov.ar\/prensa\/wp-json\/wp\/v2\/posts"}],"about":[{"href":"https:\/\/www.mendoza.gov.ar\/prensa\/wp-json\/wp\/v2\/types\/post"}],"author":[{"embeddable":true,"href":"https:\/\/www.mendoza.gov.ar\/prensa\/wp-json\/wp\/v2\/users\/3"}],"replies":[{"embeddable":true,"href":"https:\/\/www.mendoza.gov.ar\/prensa\/wp-json\/wp\/v2\/comments?post=16188"}],"version-history":[{"count":0,"href":"https:\/\/www.mendoza.gov.ar\/prensa\/wp-json\/wp\/v2\/posts\/16188\/revisions"}],"wp:attachment":[{"href":"https:\/\/www.mendoza.gov.ar\/prensa\/wp-json\/wp\/v2\/media?parent=16188"}],"wp:term":[{"taxonomy":"category","embeddable":true,"href":"https:\/\/www.mendoza.gov.ar\/prensa\/wp-json\/wp\/v2\/categories?post=16188"},{"taxonomy":"post_tag","embeddable":true,"href":"https:\/\/www.mendoza.gov.ar\/prensa\/wp-json\/wp\/v2\/tags?post=16188"}],"curies":[{"name":"wp","href":"https:\/\/api.w.org\/{rel}","templated":true}]}}