{"id":16190,"date":"2011-08-05T00:00:00","date_gmt":"2011-08-05T00:00:00","guid":{"rendered":"http:\/\/prensa.wp2.mendoza.gov.ar\/?p=16190"},"modified":"2011-08-05T00:00:00","modified_gmt":"2011-08-05T00:00:00","slug":"365-participo-en-la-actualizacion-de-las-guias-alimentarias-argentinas","status":"publish","type":"post","link":"https:\/\/www.mendoza.gov.ar\/prensa\/365-participo-en-la-actualizacion-de-las-guias-alimentarias-argentinas\/","title":{"rendered":"\u201c365\u201d particip\u00f3 en la actualizaci\u00f3n de las gu\u00edas alimentarias argentinas"},"content":{"rendered":"<!DOCTYPE html PUBLIC \"-\/\/W3C\/\/DTD HTML 4.0 Transitional\/\/EN\" \"http:\/\/www.w3.org\/TR\/REC-html40\/loose.dtd\">\n<html><body><p>En ese marco,&rdquo; 365&rdquo; fue invitada a participar en los talleres de actualizaci&oacute;n de las gu&iacute;as alimentarias argentinas, que se iniciar&aacute;n en septiembre de este a&ntilde;o.<\/p>\n<p>Estas gu&iacute;as se publicaron en el 2000 y fueron elaboradas por profesionales de la nutrici&oacute;n y la salud de todo el pa&iacute;s a trav&eacute;s de la Federaci&oacute;n Argentina de Graduados en Nutrici&oacute;n (FAGRAN), la Asociaci&oacute;n Argentina de Diestistas y Nutricionistas (AADYN) y los Ministerios de Salud y Desarrollo Social de la Naci&oacute;n. El objetivo fue educar a la poblaci&oacute;n en h&aacute;bitos nutricionales saludables, previniendo enfermedades no trasmisibles como la obesidad.<\/p>\n<p>Dado el tiempo transcurrido, se proceder&aacute; a la actualizaci&oacute;n de estas gu&iacute;as. En ese esquema, profesionales del Ministerio de Desarrollo Social de la Naci&oacute;n y de la FAO (Organizaci&oacute;n de las Naciones Unidas para la Alimentaci&oacute;n y la Agricultura), convocaron al programa mendocino por considerar que se trata de una herramienta innovadora para promover el consumo saludable y un puente genuino de interrelaci&oacute;n entre el productor y el consumidor.<\/p>\n<p>De la actividad en el Centro de Congresos cont&oacute; participaron de disertantes extranjeros y nacionales, adem&aacute;s de destacados expositores locales. Para ellos, el programa &ldquo;365&rdquo; &ndash; que destaca la calidad y propiedades saludables de los productos de la econom&iacute;a local-  prepar&oacute; una bolsa con obsequios de la regi&oacute;n, como or&eacute;gano, laurel, fruta fresca, miel y enlatados<\/p>\n<p>Por otra parte, integrantes del equipo atendieron un stand donde se entreg&oacute; folleter&iacute;a, productos y se explicaron los objetivos de esta campa&ntilde;a promocional que incluye a todos los sectores de la agricultura primaria y agroindustrial de Mendoza, con excepci&oacute;n de bebidas alcoh&oacute;licas.<\/p>\n<p>Edici&oacute;n: Sandra Pizarro.<\/p>\n<p><\/p>\n<\/body><\/html>\n","protected":false},"excerpt":{"rendered":"En ese marco,&rdquo; 365&rdquo; fue invitada a participar en los talleres de actualizaci&oacute;n de las gu&iacute;as alimentarias argentinas, que se iniciar&aacute;n en septiembre de este a&ntilde;o. Estas gu&iacute;as se publicaron en el 2000 y fueron elaboradas por profesionales de la nutrici&oacute;n y la salud de todo el pa&iacute;s a trav&eacute;s de la Federaci&oacute;n Argentina de&#8230; <a class=\"view-article\" href=\"https:\/\/www.mendoza.gov.ar\/prensa\/365-participo-en-la-actualizacion-de-las-guias-alimentarias-argentinas\/\"><\/a>","protected":false},"author":3,"featured_media":0,"comment_status":"closed","ping_status":"open","sticky":false,"template":"","format":"standard","meta":[],"categories":[12],"tags":[],"_links":{"self":[{"href":"https:\/\/www.mendoza.gov.ar\/prensa\/wp-json\/wp\/v2\/posts\/16190"}],"collection":[{"href":"https:\/\/www.mendoza.gov.ar\/prensa\/wp-json\/wp\/v2\/posts"}],"about":[{"href":"https:\/\/www.mendoza.gov.ar\/prensa\/wp-json\/wp\/v2\/types\/post"}],"author":[{"embeddable":true,"href":"https:\/\/www.mendoza.gov.ar\/prensa\/wp-json\/wp\/v2\/users\/3"}],"replies":[{"embeddable":true,"href":"https:\/\/www.mendoza.gov.ar\/prensa\/wp-json\/wp\/v2\/comments?post=16190"}],"version-history":[{"count":0,"href":"https:\/\/www.mendoza.gov.ar\/prensa\/wp-json\/wp\/v2\/posts\/16190\/revisions"}],"wp:attachment":[{"href":"https:\/\/www.mendoza.gov.ar\/prensa\/wp-json\/wp\/v2\/media?parent=16190"}],"wp:term":[{"taxonomy":"category","embeddable":true,"href":"https:\/\/www.mendoza.gov.ar\/prensa\/wp-json\/wp\/v2\/categories?post=16190"},{"taxonomy":"post_tag","embeddable":true,"href":"https:\/\/www.mendoza.gov.ar\/prensa\/wp-json\/wp\/v2\/tags?post=16190"}],"curies":[{"name":"wp","href":"https:\/\/api.w.org\/{rel}","templated":true}]}}