{"id":16195,"date":"2011-08-10T00:00:00","date_gmt":"2011-08-10T00:00:00","guid":{"rendered":"http:\/\/prensa.wp2.mendoza.gov.ar\/?p=16195"},"modified":"2011-08-10T00:00:00","modified_gmt":"2011-08-10T00:00:00","slug":"el-ministerio-de-produccion-inaugurara-un-centro-de-capacitacion-tecnologica","status":"publish","type":"post","link":"https:\/\/www.mendoza.gov.ar\/prensa\/el-ministerio-de-produccion-inaugurara-un-centro-de-capacitacion-tecnologica\/","title":{"rendered":"El Ministerio de Producci\u00f3n inaugurar\u00e1 un Centro de Capacitaci\u00f3n Tecnol\u00f3gica"},"content":{"rendered":"<!DOCTYPE html PUBLIC \"-\/\/W3C\/\/DTD HTML 4.0 Transitional\/\/EN\" \"http:\/\/www.w3.org\/TR\/REC-html40\/loose.dtd\">\n<html><body><p>Ma&ntilde;ana jueves (11 de agosto), a las 11, en el 4to piso Ala Este, quedar&aacute; oficialmente inaugurado un espacio destinado a la capacitaci&oacute;n en temas vinculados a la inform&aacute;tica. Este proyecto forma parte de las acciones que viene desarrollando el Ministerio orientadas a brindar mayor soporte tecnol&oacute;gico, indispensable en la gesti&oacute;n institucional.<\/p>\n<p>Este Centro capacitar&aacute; en herramientas inform&aacute;ticas de nivel inicial, medio y avanzado, entre ellas, herramientas de oficina, de programaci&oacute;n en base de datos, servidores, desarrollo web, etc.<\/p>\n<p>Contar&aacute; con 15 m&aacute;quinas totalmente equipadas para que el personal se instruya de manera eficiente. Adem&aacute;s, se dispondr&aacute; de un equipo de sistema de sonido, un proyector y una pantalla interactiva para la din&aacute;mica de las clases.<\/p>\n<p>Las capacitaciones ser&aacute;n los d&iacute;as martes y jueves en dos turnos, el primero a las 9.30 y el segundo a las 11. Las mismas ser&aacute;n dictadas por profesionales de inform&aacute;tica y coordinadas por el jefe del &aacute;rea, Esteban D&iacute;az.<\/p>\n<p>Edici&oacute;n: Sandra Pizarro.<\/p>\n<\/body><\/html>\n","protected":false},"excerpt":{"rendered":"Ma&ntilde;ana jueves (11 de agosto), a las 11, en el 4to piso Ala Este, quedar&aacute; oficialmente inaugurado un espacio destinado a la capacitaci&oacute;n en temas vinculados a la inform&aacute;tica. Este proyecto forma parte de las acciones que viene desarrollando el Ministerio orientadas a brindar mayor soporte tecnol&oacute;gico, indispensable en la gesti&oacute;n institucional. Este Centro capacitar&aacute;&#8230; <a class=\"view-article\" href=\"https:\/\/www.mendoza.gov.ar\/prensa\/el-ministerio-de-produccion-inaugurara-un-centro-de-capacitacion-tecnologica\/\"><\/a>","protected":false},"author":3,"featured_media":0,"comment_status":"closed","ping_status":"open","sticky":false,"template":"","format":"standard","meta":[],"categories":[12],"tags":[],"_links":{"self":[{"href":"https:\/\/www.mendoza.gov.ar\/prensa\/wp-json\/wp\/v2\/posts\/16195"}],"collection":[{"href":"https:\/\/www.mendoza.gov.ar\/prensa\/wp-json\/wp\/v2\/posts"}],"about":[{"href":"https:\/\/www.mendoza.gov.ar\/prensa\/wp-json\/wp\/v2\/types\/post"}],"author":[{"embeddable":true,"href":"https:\/\/www.mendoza.gov.ar\/prensa\/wp-json\/wp\/v2\/users\/3"}],"replies":[{"embeddable":true,"href":"https:\/\/www.mendoza.gov.ar\/prensa\/wp-json\/wp\/v2\/comments?post=16195"}],"version-history":[{"count":0,"href":"https:\/\/www.mendoza.gov.ar\/prensa\/wp-json\/wp\/v2\/posts\/16195\/revisions"}],"wp:attachment":[{"href":"https:\/\/www.mendoza.gov.ar\/prensa\/wp-json\/wp\/v2\/media?parent=16195"}],"wp:term":[{"taxonomy":"category","embeddable":true,"href":"https:\/\/www.mendoza.gov.ar\/prensa\/wp-json\/wp\/v2\/categories?post=16195"},{"taxonomy":"post_tag","embeddable":true,"href":"https:\/\/www.mendoza.gov.ar\/prensa\/wp-json\/wp\/v2\/tags?post=16195"}],"curies":[{"name":"wp","href":"https:\/\/api.w.org\/{rel}","templated":true}]}}