{"id":16198,"date":"2011-08-11T00:00:00","date_gmt":"2011-08-11T00:00:00","guid":{"rendered":"http:\/\/prensa.wp2.mendoza.gov.ar\/?p=16198"},"modified":"2011-08-11T00:00:00","modified_gmt":"2011-08-11T00:00:00","slug":"despues-de-19-anos-el-idr-presenta-el-censo-fruticola-provincial-2010","status":"publish","type":"post","link":"https:\/\/www.mendoza.gov.ar\/prensa\/despues-de-19-anos-el-idr-presenta-el-censo-fruticola-provincial-2010\/","title":{"rendered":"Despu\u00e9s de 19 a\u00f1os, el IDR presenta el Censo Frut\u00edcola Provincial 2010"},"content":{"rendered":"<!DOCTYPE html PUBLIC \"-\/\/W3C\/\/DTD HTML 4.0 Transitional\/\/EN\" \"http:\/\/www.w3.org\/TR\/REC-html40\/loose.dtd\">\n<html><body><p>Ma&ntilde;ana viernes (12 de agosto), a las 12, en el Sal&oacute;n Patricias, 4to Piso de Casa de Gobierno, el Ministerio de Producci&oacute;n, a trav&eacute;s del IDR, presentar&aacute; los datos correspondientes al Censo Frut&iacute;cola Provincial 2010.<\/p>\n<p>Contiene la informaci&oacute;n estad&iacute;stica existente para ofrecer a los productores datos precisos sobre las plantaciones frut&iacute;colas. Esto facilitar&aacute; la toma de decisiones, la planificaci&oacute;n estrat&eacute;gica y el ordenamiento territorial de las producciones.<\/p>\n<p>Estar&aacute;n presentes el ministro de Producci&oacute;n, Ra&uacute;l Mercau; el subsecretario de Programaci&oacute;n Agroalimentaria y Gesti&oacute;n de Calidad, Ra&uacute;l Mill&aacute;n, y autoridades del Instituto de Desarrollo Rural (IDR).<\/p>\n<p>Edici&oacute;n: Sandra Pizarro.<\/p>\n<\/body><\/html>\n","protected":false},"excerpt":{"rendered":"Ma&ntilde;ana viernes (12 de agosto), a las 12, en el Sal&oacute;n Patricias, 4to Piso de Casa de Gobierno, el Ministerio de Producci&oacute;n, a trav&eacute;s del IDR, presentar&aacute; los datos correspondientes al Censo Frut&iacute;cola Provincial 2010. Contiene la informaci&oacute;n estad&iacute;stica existente para ofrecer a los productores datos precisos sobre las plantaciones frut&iacute;colas. Esto facilitar&aacute; la toma&#8230; <a class=\"view-article\" href=\"https:\/\/www.mendoza.gov.ar\/prensa\/despues-de-19-anos-el-idr-presenta-el-censo-fruticola-provincial-2010\/\"><\/a>","protected":false},"author":3,"featured_media":0,"comment_status":"closed","ping_status":"open","sticky":false,"template":"","format":"standard","meta":[],"categories":[12],"tags":[],"_links":{"self":[{"href":"https:\/\/www.mendoza.gov.ar\/prensa\/wp-json\/wp\/v2\/posts\/16198"}],"collection":[{"href":"https:\/\/www.mendoza.gov.ar\/prensa\/wp-json\/wp\/v2\/posts"}],"about":[{"href":"https:\/\/www.mendoza.gov.ar\/prensa\/wp-json\/wp\/v2\/types\/post"}],"author":[{"embeddable":true,"href":"https:\/\/www.mendoza.gov.ar\/prensa\/wp-json\/wp\/v2\/users\/3"}],"replies":[{"embeddable":true,"href":"https:\/\/www.mendoza.gov.ar\/prensa\/wp-json\/wp\/v2\/comments?post=16198"}],"version-history":[{"count":0,"href":"https:\/\/www.mendoza.gov.ar\/prensa\/wp-json\/wp\/v2\/posts\/16198\/revisions"}],"wp:attachment":[{"href":"https:\/\/www.mendoza.gov.ar\/prensa\/wp-json\/wp\/v2\/media?parent=16198"}],"wp:term":[{"taxonomy":"category","embeddable":true,"href":"https:\/\/www.mendoza.gov.ar\/prensa\/wp-json\/wp\/v2\/categories?post=16198"},{"taxonomy":"post_tag","embeddable":true,"href":"https:\/\/www.mendoza.gov.ar\/prensa\/wp-json\/wp\/v2\/tags?post=16198"}],"curies":[{"name":"wp","href":"https:\/\/api.w.org\/{rel}","templated":true}]}}