{"id":16200,"date":"2011-08-11T00:00:00","date_gmt":"2011-08-11T00:00:00","guid":{"rendered":"http:\/\/prensa.wp2.mendoza.gov.ar\/?p=16200"},"modified":"2011-08-11T00:00:00","modified_gmt":"2011-08-11T00:00:00","slug":"lanzaron-el-centro-de-capacitacion-tecnologica-del-ministerio-de-produccion","status":"publish","type":"post","link":"https:\/\/www.mendoza.gov.ar\/prensa\/lanzaron-el-centro-de-capacitacion-tecnologica-del-ministerio-de-produccion\/","title":{"rendered":"Lanzaron el Centro de Capacitaci\u00f3n Tecnol\u00f3gica del Ministerio de Producci\u00f3n"},"content":{"rendered":"<!DOCTYPE html PUBLIC \"-\/\/W3C\/\/DTD HTML 4.0 Transitional\/\/EN\" \"http:\/\/www.w3.org\/TR\/REC-html40\/loose.dtd\">\n<html><body><p>Hoy qued&oacute; oficialmente inaugurado el Centro Tecnol&oacute;gico del Ministerio de Producci&oacute;n, que permitir&aacute; capacitar en temas vinculados a la inform&aacute;tica, especialmente en herramientas de uso libre al personal.<\/p>\n<p>Se busca que los empleados se instruyan en la utilizaci&oacute;n de los programas de fuente abierta que no tienen costo de implementaci&oacute;n, ya que el a&ntilde;o que viene el Gobierno tiene previsto migrar hacia la instalaci&oacute;n de este software.<\/p>\n<p>&ldquo;El objetivo es tener un Centro Tecnol&oacute;gico, el primero en la provincia con estas caracter&iacute;sticas, donde se capacite en una primera etapa al personal, pero que luego pueda abrirse a otros ministerios&rdquo;, explic&oacute; el ministro de Producci&oacute;n, Ra&uacute;l Mercau.<\/p>\n<p>&ldquo;Adem&aacute;s, permitir&aacute; contribuir a que la transici&oacute;n a otros sistemas no sea complicada y se eviten, en futuros gobiernos, complicaciones por el desconocimiento de los mismos&rdquo;, agreg&oacute;.<\/p>\n<p>El Centro cuenta con 15 m&aacute;quinas totalmente equipadas. Adem&aacute;s, dispondr&aacute; de un equipo de sistema de sonido, un proyector y una pantalla interactiva para la din&aacute;mica de las clases.<\/p>\n<p>Seg&uacute;n el coordinador del &Aacute;rea de Pol&iacute;ticas Inform&aacute;ticas y Telecomunicaciones, Esteban D&iacute;az, est&aacute; previsto que en un principio las capacitaciones se realicen los d&iacute;as martes y jueves en dos turnos, el primero a las 9.30 y el segundo a las 11, pero por la repercusi&oacute;n y predisposici&oacute;n que hubo por parte del personal, los cursos se van a ampliar en d&iacute;as y horarios.<\/p>\n<p>Este proyecto forma parte de las acciones que se vienen desarrollando el Ministerio de Producci&oacute;n orientadas a brindar mayor soporte tecnol&oacute;gico, indispensable en la gesti&oacute;n institucional.<\/p>\n<p>Edici&oacute;n: Sandra Pizarro.<\/p>\n<\/body><\/html>\n","protected":false},"excerpt":{"rendered":"Hoy qued&oacute; oficialmente inaugurado el Centro Tecnol&oacute;gico del Ministerio de Producci&oacute;n, que permitir&aacute; capacitar en temas vinculados a la inform&aacute;tica, especialmente en herramientas de uso libre al personal. Se busca que los empleados se instruyan en la utilizaci&oacute;n de los programas de fuente abierta que no tienen costo de implementaci&oacute;n, ya que el a&ntilde;o que&#8230; <a class=\"view-article\" href=\"https:\/\/www.mendoza.gov.ar\/prensa\/lanzaron-el-centro-de-capacitacion-tecnologica-del-ministerio-de-produccion\/\"><\/a>","protected":false},"author":3,"featured_media":0,"comment_status":"closed","ping_status":"open","sticky":false,"template":"","format":"standard","meta":[],"categories":[12],"tags":[],"_links":{"self":[{"href":"https:\/\/www.mendoza.gov.ar\/prensa\/wp-json\/wp\/v2\/posts\/16200"}],"collection":[{"href":"https:\/\/www.mendoza.gov.ar\/prensa\/wp-json\/wp\/v2\/posts"}],"about":[{"href":"https:\/\/www.mendoza.gov.ar\/prensa\/wp-json\/wp\/v2\/types\/post"}],"author":[{"embeddable":true,"href":"https:\/\/www.mendoza.gov.ar\/prensa\/wp-json\/wp\/v2\/users\/3"}],"replies":[{"embeddable":true,"href":"https:\/\/www.mendoza.gov.ar\/prensa\/wp-json\/wp\/v2\/comments?post=16200"}],"version-history":[{"count":0,"href":"https:\/\/www.mendoza.gov.ar\/prensa\/wp-json\/wp\/v2\/posts\/16200\/revisions"}],"wp:attachment":[{"href":"https:\/\/www.mendoza.gov.ar\/prensa\/wp-json\/wp\/v2\/media?parent=16200"}],"wp:term":[{"taxonomy":"category","embeddable":true,"href":"https:\/\/www.mendoza.gov.ar\/prensa\/wp-json\/wp\/v2\/categories?post=16200"},{"taxonomy":"post_tag","embeddable":true,"href":"https:\/\/www.mendoza.gov.ar\/prensa\/wp-json\/wp\/v2\/tags?post=16200"}],"curies":[{"name":"wp","href":"https:\/\/api.w.org\/{rel}","templated":true}]}}