{"id":16255,"date":"2011-10-17T00:00:00","date_gmt":"2011-10-17T00:00:00","guid":{"rendered":"http:\/\/prensa.wp2.mendoza.gov.ar\/?p=16255"},"modified":"2011-10-17T00:00:00","modified_gmt":"2011-10-17T00:00:00","slug":"el-idits-dictara-cursos-de-capacitacion-en-tecnologias-informaticas","status":"publish","type":"post","link":"https:\/\/www.mendoza.gov.ar\/prensa\/el-idits-dictara-cursos-de-capacitacion-en-tecnologias-informaticas\/","title":{"rendered":"El IDITS dictar\u00e1 cursos de capacitaci\u00f3n en tecnolog\u00edas inform\u00e1ticas"},"content":{"rendered":"<!DOCTYPE html PUBLIC \"-\/\/W3C\/\/DTD HTML 4.0 Transitional\/\/EN\" \"http:\/\/www.w3.org\/TR\/REC-html40\/loose.dtd\">\n<html><body><p>A trav&eacute;s del Programa Becas Control+F, se dictar&aacute;n seis cursos destinados a trabajadores de empresas relacionados al sector TIC y estudiantes avanzados de carreras afines.<\/p>\n<p>El cuerpo docente estar&aacute; integrado por profesores de la Universidad de Mendoza,&nbsp; Aconcagua, UTN Facultad Regional Mendoza, Universidad Champagnat y el Instituto Tecnol&oacute;gico Universitario.<\/p>\n<p>El dictado de los cursos de esta primera fase de capacitaci&oacute;n est&aacute;n previstos entre noviembre y abril de 2012 y se relacionan con los siguientes temas:<\/p>\n<p>&bull;\tProgramaci&oacute;n PHP<\/p>\n<p>&bull;\tAdministrador de redes (administraci&oacute;n servidores linux redes)<\/p>\n<p>&bull;\tAplicaciones m&oacute;viles (Android + IOS)<\/p>\n<p>&bull;\tAdministrador de seguridad (seguridad inform&aacute;tica)<\/p>\n<p>Para mayor informaci&oacute;n e inscripciones ingresar en https:\/\/www.idits.org.ar\/Nuevo\/Servicios\/Cursos\/Capac_BecasControl+F.html , dirigirse al IDITS Juli&aacute;n Barraquero 130 Ciudad, comunicarse con los tel&eacute;fonos (0261) 4241475 y 4246347 o por correo electr&oacute;nico a becascontrolf@idits.org.ar<\/p>\n<\/body><\/html>\n","protected":false},"excerpt":{"rendered":"A trav&eacute;s del Programa Becas Control+F, se dictar&aacute;n seis cursos destinados a trabajadores de empresas relacionados al sector TIC y estudiantes avanzados de carreras afines. El cuerpo docente estar&aacute; integrado por profesores de la Universidad de Mendoza,&nbsp; Aconcagua, UTN Facultad Regional Mendoza, Universidad Champagnat y el Instituto Tecnol&oacute;gico Universitario. El dictado de los cursos de&#8230; <a class=\"view-article\" href=\"https:\/\/www.mendoza.gov.ar\/prensa\/el-idits-dictara-cursos-de-capacitacion-en-tecnologias-informaticas\/\"><\/a>","protected":false},"author":3,"featured_media":0,"comment_status":"closed","ping_status":"open","sticky":false,"template":"","format":"standard","meta":[],"categories":[12],"tags":[],"_links":{"self":[{"href":"https:\/\/www.mendoza.gov.ar\/prensa\/wp-json\/wp\/v2\/posts\/16255"}],"collection":[{"href":"https:\/\/www.mendoza.gov.ar\/prensa\/wp-json\/wp\/v2\/posts"}],"about":[{"href":"https:\/\/www.mendoza.gov.ar\/prensa\/wp-json\/wp\/v2\/types\/post"}],"author":[{"embeddable":true,"href":"https:\/\/www.mendoza.gov.ar\/prensa\/wp-json\/wp\/v2\/users\/3"}],"replies":[{"embeddable":true,"href":"https:\/\/www.mendoza.gov.ar\/prensa\/wp-json\/wp\/v2\/comments?post=16255"}],"version-history":[{"count":0,"href":"https:\/\/www.mendoza.gov.ar\/prensa\/wp-json\/wp\/v2\/posts\/16255\/revisions"}],"wp:attachment":[{"href":"https:\/\/www.mendoza.gov.ar\/prensa\/wp-json\/wp\/v2\/media?parent=16255"}],"wp:term":[{"taxonomy":"category","embeddable":true,"href":"https:\/\/www.mendoza.gov.ar\/prensa\/wp-json\/wp\/v2\/categories?post=16255"},{"taxonomy":"post_tag","embeddable":true,"href":"https:\/\/www.mendoza.gov.ar\/prensa\/wp-json\/wp\/v2\/tags?post=16255"}],"curies":[{"name":"wp","href":"https:\/\/api.w.org\/{rel}","templated":true}]}}