{"id":16288,"date":"2011-12-05T00:00:00","date_gmt":"2011-12-05T00:00:00","guid":{"rendered":"http:\/\/prensa.wp2.mendoza.gov.ar\/?p=16288"},"modified":"2011-12-05T00:00:00","modified_gmt":"2011-12-05T00:00:00","slug":"manana-comenzara-la-entrega-de-sulfato-y-azufre-a-productores-de-junin","status":"publish","type":"post","link":"https:\/\/www.mendoza.gov.ar\/prensa\/manana-comenzara-la-entrega-de-sulfato-y-azufre-a-productores-de-junin\/","title":{"rendered":"Ma\u00f1ana comenzar\u00e1 la entrega de sulfato y azufre a productores de Jun\u00edn"},"content":{"rendered":"<!DOCTYPE html PUBLIC \"-\/\/W3C\/\/DTD HTML 4.0 Transitional\/\/EN\" \"http:\/\/www.w3.org\/TR\/REC-html40\/loose.dtd\">\n<html><body><p>El Ministerio de Producci&oacute;n, Tecnolog&iacute;a e Innovaci&oacute;n informa que a partir de ma&ntilde;ana, martes (6 de diciembre), comenzar&aacute; la entrega de sulfato de cobre y azufre para los productores de Jun&iacute;n afectados por la tormenta de granizo del pasado 27 de noviembre. El martes, la distribuci&oacute;n se har&aacute; de 12 a 18 en la Capilla Inmaculada Concepci&oacute;n, Luis Correa 135, de Medrano.<\/p>\n<p>En el mismo lugar continuar&aacute; la entrega de sulfato y azufre desde el mi&eacute;rcoles al viernes de esta semana -7, 8 y 9 de diciembre-, en horario de 9 a 18.<\/p>\n<p>Para acceder a este beneficio los productores deber&aacute;n presentar el Documento de Nacional Identidad y una fotocopia, as&iacute; como la constancia de inscripci&oacute;n en el Registro de Uso de la Tierra (RUT).<\/p>\n<p>Para m&aacute;s informaci&oacute;n comunicarse con el coordinar del programa del ISCAMEN, Miguel Neglia, tel 156735888.<\/p>\n<p>Edici&oacute;n: Sandra Pizarro.<\/p>\n<\/body><\/html>\n","protected":false},"excerpt":{"rendered":"El Ministerio de Producci&oacute;n, Tecnolog&iacute;a e Innovaci&oacute;n informa que a partir de ma&ntilde;ana, martes (6 de diciembre), comenzar&aacute; la entrega de sulfato de cobre y azufre para los productores de Jun&iacute;n afectados por la tormenta de granizo del pasado 27 de noviembre. El martes, la distribuci&oacute;n se har&aacute; de 12 a 18 en la Capilla&#8230; <a class=\"view-article\" href=\"https:\/\/www.mendoza.gov.ar\/prensa\/manana-comenzara-la-entrega-de-sulfato-y-azufre-a-productores-de-junin\/\"><\/a>","protected":false},"author":3,"featured_media":0,"comment_status":"closed","ping_status":"open","sticky":false,"template":"","format":"standard","meta":[],"categories":[12],"tags":[],"_links":{"self":[{"href":"https:\/\/www.mendoza.gov.ar\/prensa\/wp-json\/wp\/v2\/posts\/16288"}],"collection":[{"href":"https:\/\/www.mendoza.gov.ar\/prensa\/wp-json\/wp\/v2\/posts"}],"about":[{"href":"https:\/\/www.mendoza.gov.ar\/prensa\/wp-json\/wp\/v2\/types\/post"}],"author":[{"embeddable":true,"href":"https:\/\/www.mendoza.gov.ar\/prensa\/wp-json\/wp\/v2\/users\/3"}],"replies":[{"embeddable":true,"href":"https:\/\/www.mendoza.gov.ar\/prensa\/wp-json\/wp\/v2\/comments?post=16288"}],"version-history":[{"count":0,"href":"https:\/\/www.mendoza.gov.ar\/prensa\/wp-json\/wp\/v2\/posts\/16288\/revisions"}],"wp:attachment":[{"href":"https:\/\/www.mendoza.gov.ar\/prensa\/wp-json\/wp\/v2\/media?parent=16288"}],"wp:term":[{"taxonomy":"category","embeddable":true,"href":"https:\/\/www.mendoza.gov.ar\/prensa\/wp-json\/wp\/v2\/categories?post=16288"},{"taxonomy":"post_tag","embeddable":true,"href":"https:\/\/www.mendoza.gov.ar\/prensa\/wp-json\/wp\/v2\/tags?post=16288"}],"curies":[{"name":"wp","href":"https:\/\/api.w.org\/{rel}","templated":true}]}}