{"id":16403,"date":"2011-02-15T00:00:00","date_gmt":"2011-02-15T00:00:00","guid":{"rendered":"http:\/\/prensa.wp2.mendoza.gov.ar\/?p=16403"},"modified":"2011-02-15T00:00:00","modified_gmt":"2011-02-15T00:00:00","slug":"el-gobierno-firmo-un-convenio-para-la-creacion-de-una-escuela-fabrica","status":"publish","type":"post","link":"https:\/\/www.mendoza.gov.ar\/prensa\/el-gobierno-firmo-un-convenio-para-la-creacion-de-una-escuela-fabrica\/","title":{"rendered":"El Gobierno firm\u00f3 un convenio para la creaci\u00f3n de una escuela f\u00e1brica"},"content":{"rendered":"<!DOCTYPE html PUBLIC \"-\/\/W3C\/\/DTD HTML 4.0 Transitional\/\/EN\" \"http:\/\/www.w3.org\/TR\/REC-html40\/loose.dtd\">\n<html><body><p>La educaci&oacute;n t&eacute;cnica mendocina recibi&oacute; esta tarde una muy buena noticia, cuando se anunci&oacute; la firma de un convenio de usufructo entre la Direcci&oacute;n General de Escuelas (DGE), Uni&oacute;n Obrera Metal&uacute;rgica (UOM) Seccional Mendoza y el ministerio de Gobierno, Justicia y Derechos Humanos, por el cual se concede a este gremio un inmueble ubicado en Guaymall&eacute;n para la instalaci&oacute;n de un Centro de Capacitaci&oacute;n para el Trabajo (CCT) montado sobre el modelo de &ldquo;escuela f&aacute;brica&rdquo; con especializaci&oacute;n en metalmec&aacute;nica y metalurgia.<\/p>\n<p>El convenio fue suscripto esta tarde en Casa de Gobierno por el ministro de Gobierno, Justicia y DDHH, Mario Adaro; el director de Educaci&oacute;n T&eacute;cnica y Trabajo de la DGE, Juan Carlos Rivas en representaci&oacute;n del titular del gobierno escolar, Carlos L&oacute;pez Puelles; y el secretario General de la UOM Seccional Mendoza, Lu&iacute;s M&aacute;rquez. Tambi&eacute;n asistieron el jefe de gabinete de la DGE, Guillermo Gallardo, supervisores escolares y otros funcionarios de la cartera de Gobierno.<\/p>\n<p>El proyecto prev&eacute; una inversi&oacute;n inicial de cuatro millones de pesos destinado a mejora y adecuaci&oacute;n de la infraestructura, equipamiento y maquinarias necesarias para el dictado de los m&oacute;dulos de capacitaci&oacute;n.<\/p>\n<p>El objetivo de este centro educativo es recalificar a los trabajadores que se desempe&ntilde;an en el sector; perfeccionar a los docentes que se encuentren como formadores del sistema educativo y brindar asesoramiento para &nbsp;proyectos cient&iacute;ficos, t&eacute;cnicos y tecnol&oacute;gicos a empresas. Tambi&eacute;n ser&aacute; un espacio de inserci&oacute;n laboral de ciudadanos desempleados que quieran adquirir un oficio vinculado al rubro.<\/p>\n<p>Durante la reuni&oacute;n, las autoridades pusieron &eacute;nfasis en la importancia de la recuperaci&oacute;n de la escuela t&eacute;cnica para el proceso de transformaci&oacute;n que vive hoy nuestro pa&iacute;s, orientado hacia una econom&iacute;a real basada en agregar cada d&iacute;a m&aacute;s valor a sus producciones. En este proceso, la capacitaci&oacute;n laboral es un eslab&oacute;n fundamental hacia la formaci&oacute;n de recursos humanos altamente calificados para insertarse en una econom&iacute;a industrial, con innovaci&oacute;n y competitividad.<\/p>\n<\/body><\/html>\n","protected":false},"excerpt":{"rendered":"La educaci&oacute;n t&eacute;cnica mendocina recibi&oacute; esta tarde una muy buena noticia, cuando se anunci&oacute; la firma de un convenio de usufructo entre la Direcci&oacute;n General de Escuelas (DGE), Uni&oacute;n Obrera Metal&uacute;rgica (UOM) Seccional Mendoza y el ministerio de Gobierno, Justicia y Derechos Humanos, por el cual se concede a este gremio un inmueble ubicado en&#8230; <a class=\"view-article\" href=\"https:\/\/www.mendoza.gov.ar\/prensa\/el-gobierno-firmo-un-convenio-para-la-creacion-de-una-escuela-fabrica\/\"><\/a>","protected":false},"author":3,"featured_media":0,"comment_status":"closed","ping_status":"open","sticky":false,"template":"","format":"standard","meta":[],"categories":[12],"tags":[],"_links":{"self":[{"href":"https:\/\/www.mendoza.gov.ar\/prensa\/wp-json\/wp\/v2\/posts\/16403"}],"collection":[{"href":"https:\/\/www.mendoza.gov.ar\/prensa\/wp-json\/wp\/v2\/posts"}],"about":[{"href":"https:\/\/www.mendoza.gov.ar\/prensa\/wp-json\/wp\/v2\/types\/post"}],"author":[{"embeddable":true,"href":"https:\/\/www.mendoza.gov.ar\/prensa\/wp-json\/wp\/v2\/users\/3"}],"replies":[{"embeddable":true,"href":"https:\/\/www.mendoza.gov.ar\/prensa\/wp-json\/wp\/v2\/comments?post=16403"}],"version-history":[{"count":0,"href":"https:\/\/www.mendoza.gov.ar\/prensa\/wp-json\/wp\/v2\/posts\/16403\/revisions"}],"wp:attachment":[{"href":"https:\/\/www.mendoza.gov.ar\/prensa\/wp-json\/wp\/v2\/media?parent=16403"}],"wp:term":[{"taxonomy":"category","embeddable":true,"href":"https:\/\/www.mendoza.gov.ar\/prensa\/wp-json\/wp\/v2\/categories?post=16403"},{"taxonomy":"post_tag","embeddable":true,"href":"https:\/\/www.mendoza.gov.ar\/prensa\/wp-json\/wp\/v2\/tags?post=16403"}],"curies":[{"name":"wp","href":"https:\/\/api.w.org\/{rel}","templated":true}]}}