{"id":16407,"date":"2011-03-01T00:00:00","date_gmt":"2011-03-01T00:00:00","guid":{"rendered":"http:\/\/prensa.wp2.mendoza.gov.ar\/?p=16407"},"modified":"2011-03-01T00:00:00","modified_gmt":"2011-03-01T00:00:00","slug":"el-gobierno-escolar-inauguro-una-escuela-mas-en-san-martin","status":"publish","type":"post","link":"https:\/\/www.mendoza.gov.ar\/prensa\/el-gobierno-escolar-inauguro-una-escuela-mas-en-san-martin\/","title":{"rendered":"El gobierno escolar inaugur\u00f3 una escuela m\u00e1s en San Mart\u00edn"},"content":{"rendered":"<!DOCTYPE html PUBLIC \"-\/\/W3C\/\/DTD HTML 4.0 Transitional\/\/EN\" \"http:\/\/www.w3.org\/TR\/REC-html40\/loose.dtd\">\n<html><body><p>Con la presencia del Director General de Escuelas, Carlos L&oacute;pez Puelles, el ministro de Infraestructura, Francisco P&eacute;rez, el secretario General de la Gobernaci&oacute;n, Alejandro Cazab&aacute;n, el intendente del Departamento, Jorge Omar Gim&eacute;nez y gran parte del gabinete provincial, qued&oacute; formalmente inaugurada la Escuela Mar&iacute;a Josefina Mellado.<\/p>\n<p>Esta esperada instituci&oacute;n albergar&aacute; a m&aacute;s de 260 chicos que podr&aacute;n contar con instalaciones adecuadas para su correcto desarrollo y aprendizaje, ya que desde hace a&ntilde;os asist&iacute;an a clases en un lugar poco acorde a las necesidades de los ni&ntilde;os.<\/p>\n<p>&ldquo;Trabajamos mucho para tener una escuela adecuada, por eso estamos muy agradecidos y confiamos en que la patrona del Jard&iacute;n, Mar&iacute;a Josefina Mellado, con sus huellas nos servir&aacute; de gu&iacute;a, porque es nuestro &aacute;ngel maestro&rdquo; dijo la directora de la instituci&oacute;n, Adriana Rubio.<\/p>\n<p>La flamante Escuela recibi&oacute; una inversi&oacute;n de m&aacute;s de un mill&oacute;n y medio de pesos para construir m&aacute;s de 505 metros cuadrados de superficie cubierta y semicubierta y 109 metros cuadrados de superficie refuncionalizada.<\/p>\n<p>Al respecto el Director General de Escuelas dijo &ldquo;Para mi es una gran satisfacci&oacute;n estar aqu&iacute; inaugurando este jard&iacute;n de infantes, por eso agradezco a todos los que, de una forma u otra, hicieron posible este sue&ntilde;o&rdquo;.<\/p>\n<p>Hoy la comunidad educativa de la Escuela N&ordm; 0-115 puede comenzar a disfrutar de 4 aulas comunes y galer&iacute;a, sanitarios para ni&ntilde;os y personal docente y no docente, como as&iacute; tambi&eacute;n uno especial para chicos con alguna discapacidad, sal&oacute;n de usos m&uacute;ltiples, comedor, cocina y despensa. Todo ello con los elementos necesarios para poder ense&ntilde;ar y aprender de manera digna.<\/p>\n<p>&ldquo;Con &eacute;ste ya son 27 las escuelas inauguradas por este gobierno en los &uacute;ltimos tres a&ntilde;os. Todo gracias a la decisi&oacute;n pol&iacute;tica del gobernador Celso Jaque para mejorar la calidad educativa de los mendocinos&rdquo; record&oacute; el ministro Francisco P&eacute;rez.<\/p>\n<p>Para finalizar los alumnos del Jard&iacute;n realizaron una emotiva y divertida representaci&oacute;n junto a sus docentes que fueron acompa&ntilde;ados con aplausos y sonrisas de todos los presentes.<\/p>\n<p><\/p>\n<\/body><\/html>\n","protected":false},"excerpt":{"rendered":"Con la presencia del Director General de Escuelas, Carlos L&oacute;pez Puelles, el ministro de Infraestructura, Francisco P&eacute;rez, el secretario General de la Gobernaci&oacute;n, Alejandro Cazab&aacute;n, el intendente del Departamento, Jorge Omar Gim&eacute;nez y gran parte del gabinete provincial, qued&oacute; formalmente inaugurada la Escuela Mar&iacute;a Josefina Mellado. Esta esperada instituci&oacute;n albergar&aacute; a m&aacute;s de 260 chicos&#8230; <a class=\"view-article\" href=\"https:\/\/www.mendoza.gov.ar\/prensa\/el-gobierno-escolar-inauguro-una-escuela-mas-en-san-martin\/\"><\/a>","protected":false},"author":3,"featured_media":0,"comment_status":"closed","ping_status":"open","sticky":false,"template":"","format":"standard","meta":[],"categories":[12],"tags":[],"_links":{"self":[{"href":"https:\/\/www.mendoza.gov.ar\/prensa\/wp-json\/wp\/v2\/posts\/16407"}],"collection":[{"href":"https:\/\/www.mendoza.gov.ar\/prensa\/wp-json\/wp\/v2\/posts"}],"about":[{"href":"https:\/\/www.mendoza.gov.ar\/prensa\/wp-json\/wp\/v2\/types\/post"}],"author":[{"embeddable":true,"href":"https:\/\/www.mendoza.gov.ar\/prensa\/wp-json\/wp\/v2\/users\/3"}],"replies":[{"embeddable":true,"href":"https:\/\/www.mendoza.gov.ar\/prensa\/wp-json\/wp\/v2\/comments?post=16407"}],"version-history":[{"count":0,"href":"https:\/\/www.mendoza.gov.ar\/prensa\/wp-json\/wp\/v2\/posts\/16407\/revisions"}],"wp:attachment":[{"href":"https:\/\/www.mendoza.gov.ar\/prensa\/wp-json\/wp\/v2\/media?parent=16407"}],"wp:term":[{"taxonomy":"category","embeddable":true,"href":"https:\/\/www.mendoza.gov.ar\/prensa\/wp-json\/wp\/v2\/categories?post=16407"},{"taxonomy":"post_tag","embeddable":true,"href":"https:\/\/www.mendoza.gov.ar\/prensa\/wp-json\/wp\/v2\/tags?post=16407"}],"curies":[{"name":"wp","href":"https:\/\/api.w.org\/{rel}","templated":true}]}}