{"id":16455,"date":"2011-08-24T00:00:00","date_gmt":"2011-08-24T00:00:00","guid":{"rendered":"http:\/\/prensa.wp2.mendoza.gov.ar\/?p=16455"},"modified":"2011-08-24T00:00:00","modified_gmt":"2011-08-24T00:00:00","slug":"presentan-organizacion-que-promueve-la-economia-solidaria-y-la-campana-nacional-del-orfebre-pallarol","status":"publish","type":"post","link":"https:\/\/www.mendoza.gov.ar\/prensa\/presentan-organizacion-que-promueve-la-economia-solidaria-y-la-campana-nacional-del-orfebre-pallarol\/","title":{"rendered":"Presentan organizaci\u00f3n que promueve la econom\u00eda solidaria y la campa\u00f1a nacional del orfebre Pallarol"},"content":{"rendered":"<!DOCTYPE html PUBLIC \"-\/\/W3C\/\/DTD HTML 4.0 Transitional\/\/EN\" \"http:\/\/www.w3.org\/TR\/REC-html40\/loose.dtd\">\n<html><body><p>El Instituto de Promoci&oacute;n de la Econom&iacute;a Solidaria (IPES) ser&aacute; presentado hoy en la provincia. Ser&aacute; hoy mi&eacute;rcoles 24 de agosto a las 19 en el Sal&oacute;n Bernardino Rivadavia, Jos&eacute; Vicente Zapata 349, Mendoza.<\/p>\n<p>El IPES es una organizaci&oacute;n sin fines de lucro que promueve la econom&iacute;a solidaria a trav&eacute;s del estudio, la capacitaci&oacute;n y la promoci&oacute;n para mejorar la representaci&oacute;n de los intereses del mutualismo, el cooperativismo y de los peque&ntilde;os y medianos productores, en los espacios de toma de decisiones. El objetivo: Conseguir la integraci&oacute;n participativa y bienestar de toda la comunidad.<\/p>\n<p>Esta presentaci&oacute;n tambi&eacute;n servir&aacute; para promover la campa&ntilde;a &ldquo;El Bast&oacute;n de mando en las manos de todos los Argentinos&rdquo; que est&aacute; organizada en la provincia por: Direcci&oacute;n de Cooperativas y Mutuales, Federaci&oacute;n de Mutuales Unidas de Mendoza (FEMUM), Federaci&oacute;n Mendocina de Entidades Mutuales (FEMEM), ACOVI (Asociaci&oacute;n de Cooperativas Vitivin&iacute;colas Argentinas y el mencionado IPES.<\/p>\n<p>La campa&ntilde;a consiste en lograr la participaci&oacute;n de m&aacute;s de un mill&oacute;n de personas, trabajando en conjunto con el prestigioso orfebre Juan Carlos Pallarols, en el cincelado de la empu&ntilde;adura del bast&oacute;n de mando del pr&oacute;ximo Presidente\/a de la Naci&oacute;n. La idea es simbolizar el poder cedido por los ciudadanos a su representante democr&aacute;tico.<\/p>\n<p>La campa&ntilde;a que se realiza en todo el pa&iacute;s, comenz&oacute; el 10 de diciembre de 2010 en Rosario y ya ha recorrido las ciudades de Mar del Plata, Bah&iacute;a Blanca, C&oacute;rdoba, Paran&aacute;, Luj&aacute;n, Zapala, Cutralc&oacute; y Neuqu&eacute;n.<\/p>\n<p>La participaci&oacute;n finaliza con un mensaje en un libro que tambi&eacute;n ser&aacute; entregada al futuro presidente.<\/p>\n<p>El artista y su obra estar&aacute;n en Peatonal Sarmiento y Patricias Mendocinas, frente a la Legislatura Provincial, de 10 a 13 y por la tarde de 16 a 18, lugar en el que se espera la concurrencia de todos y todas los que quieran participar.<\/p>\n<p>A la presentaci&oacute;n del IPES concurrir&aacute;n el titular de la Comisi&oacute;n Nacional de Microcr&eacute;dito, Alberto Gandulfo; la subsecretaria de Desarrollo Humano, Carlina Duplessis y los titulares de Cooperativas y Mutuales de la provincia.<\/p>\n<p>Edici&oacute;n: Sandra Pizarro.<\/p>\n<\/body><\/html>\n","protected":false},"excerpt":{"rendered":"El Instituto de Promoci&oacute;n de la Econom&iacute;a Solidaria (IPES) ser&aacute; presentado hoy en la provincia. Ser&aacute; hoy mi&eacute;rcoles 24 de agosto a las 19 en el Sal&oacute;n Bernardino Rivadavia, Jos&eacute; Vicente Zapata 349, Mendoza. El IPES es una organizaci&oacute;n sin fines de lucro que promueve la econom&iacute;a solidaria a trav&eacute;s del estudio, la capacitaci&oacute;n y&#8230; <a class=\"view-article\" href=\"https:\/\/www.mendoza.gov.ar\/prensa\/presentan-organizacion-que-promueve-la-economia-solidaria-y-la-campana-nacional-del-orfebre-pallarol\/\"><\/a>","protected":false},"author":3,"featured_media":0,"comment_status":"closed","ping_status":"open","sticky":false,"template":"","format":"standard","meta":[],"categories":[12],"tags":[],"_links":{"self":[{"href":"https:\/\/www.mendoza.gov.ar\/prensa\/wp-json\/wp\/v2\/posts\/16455"}],"collection":[{"href":"https:\/\/www.mendoza.gov.ar\/prensa\/wp-json\/wp\/v2\/posts"}],"about":[{"href":"https:\/\/www.mendoza.gov.ar\/prensa\/wp-json\/wp\/v2\/types\/post"}],"author":[{"embeddable":true,"href":"https:\/\/www.mendoza.gov.ar\/prensa\/wp-json\/wp\/v2\/users\/3"}],"replies":[{"embeddable":true,"href":"https:\/\/www.mendoza.gov.ar\/prensa\/wp-json\/wp\/v2\/comments?post=16455"}],"version-history":[{"count":0,"href":"https:\/\/www.mendoza.gov.ar\/prensa\/wp-json\/wp\/v2\/posts\/16455\/revisions"}],"wp:attachment":[{"href":"https:\/\/www.mendoza.gov.ar\/prensa\/wp-json\/wp\/v2\/media?parent=16455"}],"wp:term":[{"taxonomy":"category","embeddable":true,"href":"https:\/\/www.mendoza.gov.ar\/prensa\/wp-json\/wp\/v2\/categories?post=16455"},{"taxonomy":"post_tag","embeddable":true,"href":"https:\/\/www.mendoza.gov.ar\/prensa\/wp-json\/wp\/v2\/tags?post=16455"}],"curies":[{"name":"wp","href":"https:\/\/api.w.org\/{rel}","templated":true}]}}