{"id":16529,"date":"2010-03-09T00:00:00","date_gmt":"2010-03-09T00:00:00","guid":{"rendered":"http:\/\/prensa.wp2.mendoza.gov.ar\/?p=16529"},"modified":"2010-03-09T00:00:00","modified_gmt":"2010-03-09T00:00:00","slug":"la-nacion-licita-la-penitenciaria-federal-para-cuyo-que-estara-en-mendoza","status":"publish","type":"post","link":"https:\/\/www.mendoza.gov.ar\/prensa\/la-nacion-licita-la-penitenciaria-federal-para-cuyo-que-estara-en-mendoza\/","title":{"rendered":"LA NACI\u00d3N LICITA LA PENITENCIAR\u00cdA FEDERAL PARA CUYO, QUE ESTAR\u00c1 EN MENDOZA"},"content":{"rendered":"<!DOCTYPE html PUBLIC \"-\/\/W3C\/\/DTD HTML 4.0 Transitional\/\/EN\" \"http:\/\/www.w3.org\/TR\/REC-html40\/loose.dtd\">\n<html><body><p>El ministro de Justicia y Derechos Humanos de la Naci&oacute;n, Julio C&eacute;sar Alak, junto al gobernador Celso Jaque inform&oacute; sobre el llamado a licitaci&oacute;n para la ejecuci&oacute;n del Centro Federal Penitenciario de Cuyo, Luj&aacute;n de Cuyo, Mendoza.<\/p>\n<p>La obra est&aacute; dentro del Programa Nacional de Infraestructura Penitenciaria y el presupuesto es de 190 millones de pesos, con un plazo de ejecuci&oacute;n de 3 a&ntilde;os. Tendr&aacute; un total de 536 plazas: 392 para varones; 112 para mujeres y 32 para el instituto abierto. Las dos secciones contar&aacute;n con salas para programas y servicios y para asistencia educativa, culto y tratamiento.<\/p>\n<p>El proyecto contempla los requerimientos de la ley para proveer a los internos de oportunidades para adquirir conocimientos y habilidades. Los espacios de programas est&aacute;n dimensionados para que los internos puedan estar ocupados al menos 10 horas diarias en actividades positivas organizadas, donde la escuela se plantea como hito dentro del conjunto.<\/p>\n<p>En el cuarto piso de Casa de Gobierno estuvieron&nbsp; la subsecretaria de Infraestructura Penitenciaria de la Naci&oacute;n, L&iacute;a Mar&iacute;a; el procurador de la Corte de Mendoza, Rodolfo Gonz&aacute;lez; autoridades judiciales; los ministros de Gobierno, Justicia y Derechos Humanos, Mario Adaro; de Seguridad, Carlos Aranda; de Desarrollo Humano, Familia y Comunidad, Carlos Ciurca y de Infraestructura, Francisco P&eacute;rez.<\/p>\n<p>El ministro nacional Alak dijo que con la construcci&oacute;n de este centro penitenciario &ldquo;vamos a solucionar la situaci&oacute;n que hoy tenemos con los presos federales, a descongestionar las c&aacute;rceles de Mendoza pero a la vez vamos a poder alojar a una gran cantidad de presos provinciales&rdquo;.<\/p>\n<p>Adelant&oacute; mostrando a todos las plaquetas dise&ntilde;adas del futuro centro que &ldquo;es una de las mejores expresiones arquitect&oacute;nicas que se ha logrado. No va a tener el perfil de c&aacute;rcel&nbsp; -dijo Alak- sino que van a funcionar dentro de ellas dos institutos: un instituto penitenciario federal para hombres y un instituto correccional para mujeres. Est&aacute; pensado no desde una visi&oacute;n de privaci&oacute;n de libertad sino desde la reinserci&oacute;n social de la persona privada de la libertad: van a tener un servicio alimentario adecuado, atenci&oacute;n medica, establecimientos educativos para la formaci&oacute;n primaria y secundaria, &aacute;reas de esparcimiento y talleres&rdquo;.<\/p>\n<p>&ldquo;Los internos van a estar por lo menos diez horas en etapa de formaci&oacute;n y se ha dise&ntilde;ado, de acuerdo no s&oacute;lo a la Ley Federal sino tambi&eacute;n de acuerdo a las recomendaciones de Naciones Unidas y de la Comisi&oacute;n Interamericana de Derechos Humanos. Es un aporte fundamental a la seguridad puesto que tiende a una mejora en las normas de fondo del sistema penitenciario y post penitenciario&rdquo;.<\/p>\n<p>Por su parte el gobernador Celso Jaque dijo que se realizar&aacute;n todas las gestiones necesarias para acortar el plazo de entrega de la unidad y recalc&oacute; que dar&aacute; trabajo a m&aacute;s de 200 personas. Jaque adelant&oacute; que se han propuesto construir un barrio para el personal de las penitenciar&iacute;as cerca de la zona, tanto para el de Almafuerte como para el nuevo centro federal.<\/p>\n<p>El ministro de Gobierno, Mario Adaro, inform&oacute; que se est&aacute;n realizando todos los estudios sobre impacto ambiental y que vigilar&aacute;n las normas de construcci&oacute;n que cumplan con la ley. Rescat&oacute; dos t&oacute;picos fundamentales para que desarrollen los internos: educaci&oacute;n y trabajo.<\/p>\n<\/body><\/html>\n","protected":false},"excerpt":{"rendered":"El ministro de Justicia y Derechos Humanos de la Naci&oacute;n, Julio C&eacute;sar Alak, junto al gobernador Celso Jaque inform&oacute; sobre el llamado a licitaci&oacute;n para la ejecuci&oacute;n del Centro Federal Penitenciario de Cuyo, Luj&aacute;n de Cuyo, Mendoza. La obra est&aacute; dentro del Programa Nacional de Infraestructura Penitenciaria y el presupuesto es de 190 millones de&#8230; <a class=\"view-article\" href=\"https:\/\/www.mendoza.gov.ar\/prensa\/la-nacion-licita-la-penitenciaria-federal-para-cuyo-que-estara-en-mendoza\/\"><\/a>","protected":false},"author":3,"featured_media":0,"comment_status":"closed","ping_status":"open","sticky":false,"template":"","format":"standard","meta":[],"categories":[3],"tags":[],"_links":{"self":[{"href":"https:\/\/www.mendoza.gov.ar\/prensa\/wp-json\/wp\/v2\/posts\/16529"}],"collection":[{"href":"https:\/\/www.mendoza.gov.ar\/prensa\/wp-json\/wp\/v2\/posts"}],"about":[{"href":"https:\/\/www.mendoza.gov.ar\/prensa\/wp-json\/wp\/v2\/types\/post"}],"author":[{"embeddable":true,"href":"https:\/\/www.mendoza.gov.ar\/prensa\/wp-json\/wp\/v2\/users\/3"}],"replies":[{"embeddable":true,"href":"https:\/\/www.mendoza.gov.ar\/prensa\/wp-json\/wp\/v2\/comments?post=16529"}],"version-history":[{"count":0,"href":"https:\/\/www.mendoza.gov.ar\/prensa\/wp-json\/wp\/v2\/posts\/16529\/revisions"}],"wp:attachment":[{"href":"https:\/\/www.mendoza.gov.ar\/prensa\/wp-json\/wp\/v2\/media?parent=16529"}],"wp:term":[{"taxonomy":"category","embeddable":true,"href":"https:\/\/www.mendoza.gov.ar\/prensa\/wp-json\/wp\/v2\/categories?post=16529"},{"taxonomy":"post_tag","embeddable":true,"href":"https:\/\/www.mendoza.gov.ar\/prensa\/wp-json\/wp\/v2\/tags?post=16529"}],"curies":[{"name":"wp","href":"https:\/\/api.w.org\/{rel}","templated":true}]}}