{"id":16532,"date":"2010-03-15T00:00:00","date_gmt":"2010-03-15T00:00:00","guid":{"rendered":"http:\/\/prensa.wp2.mendoza.gov.ar\/?p=16532"},"modified":"2010-03-15T00:00:00","modified_gmt":"2010-03-15T00:00:00","slug":"jaque-llamo-a-participar-en-la-construccion-del-plan-estrategico","status":"publish","type":"post","link":"https:\/\/www.mendoza.gov.ar\/prensa\/jaque-llamo-a-participar-en-la-construccion-del-plan-estrategico\/","title":{"rendered":"JAQUE LLAM\u00d3 A PARTICIPAR EN LA CONSTRUCCI\u00d3N DEL PLAN ESTRAT\u00c9GICO"},"content":{"rendered":"<!DOCTYPE html PUBLIC \"-\/\/W3C\/\/DTD HTML 4.0 Transitional\/\/EN\" \"http:\/\/www.w3.org\/TR\/REC-html40\/loose.dtd\">\n<html><body><p>La ubicaci&oacute;n de Mendoza, &ldquo;puerta de entrada y salida del Mercosur hacia el Pac&iacute;fico&rdquo; y la capacidad y nivel de instrucci&oacute;n del recurso humano, son algunas de las&nbsp; fortalezas de la provincia que el gobernador&nbsp;Celso Jaque identific&oacute; al t&eacute;rmino del taller de FODA y Visi&oacute;n, realizado el s&aacute;bado pasado en la Universidad Nacional de Cuyo.<\/p>\n\n<p>Jaque&nbsp;cerr&oacute; la jornada en la que los representantes de las instituciones que conforman el Consejo de Estado del Plan Estrat&eacute;gico de la Provincia analizaron,&nbsp;desde distintas perspectivas, las fortalezas y oportunidades; debilidades y amenazas (FODA), de la Mendoza del futuro.<\/p>\n<p>&ldquo;Tenemos plena conciencia que el recurso m&aacute;s cr&iacute;tico de la provincia es el agua, y que&nbsp;debemos convertir en nuestra gran&nbsp;ocupaci&oacute;n&nbsp;la b&uacute;squeda de soluciones en torno a este tema&rdquo;, se&ntilde;al&oacute; el gobernador, al tiempo que destac&oacute; que &ldquo;contar desde este a&ntilde;o con el Plan Estrat&eacute;gico de Desarrollo, elaborado en base al consenso y la participaci&oacute;n de todos los mendocinos,&nbsp; permitir&aacute; resolver &eacute;sta y otras problem&aacute;ticas&nbsp;que all&iacute; se&nbsp;determinen&rdquo;.<\/p>\n\n<p>&ldquo;El Plan permitir&aacute; definir&nbsp;a qu&eacute; puerto queremos llegar para despu&eacute;s discutir&nbsp;c&oacute;mo llegamos. Mi sue&ntilde;o es que los candidatos que se presenten en la contienda electoral del 2011 discutan&nbsp; el c&oacute;mo se llega a esa&nbsp; provincia que los mendocinos hemos planteado este a&ntilde;o para el futuro&nbsp; en el Plan Estrat&eacute;gico&rdquo;, remarc&oacute; Jaque.<\/p>\n<p>Realizado en el marco de la reuni&oacute;n plenaria del Consejo de Estado, este primer taller inicia&nbsp; la segunda etapa del proceso de elaboraci&oacute;n del Plan Estrat&eacute;gico que consiste en la determinaci&oacute;n&nbsp; de los escenarios deseados para&nbsp; la provincia.<\/p>\n<p>Como secretario permanente del Consejo, Guillermo Carmona, coordin&oacute; el encuentro y destac&oacute; el car&aacute;cter participativo del proceso que se puso en marcha el pasado a&ntilde;o en el marco de la Ley de Ordenamiento Territorial y Usos del Suelo.<\/p>\n<p>&ldquo;Este es un proceso que debemos&nbsp; construir entre todos y por eso la participaci&oacute;n de ustedes hoy ha sido sumamente valiosa: Adem&aacute;s de dejar sus aportes,&nbsp; nos han&nbsp; permitido&nbsp; validar&nbsp; la metodolog&iacute;a de trabajo que se llevar&aacute; al territorio a partir de&nbsp; la pr&oacute;xima semana en los talleres regionales&rdquo; afirm&oacute;.<\/p>\n<p>Por su parte, el rector Arturo Somoza,&nbsp; resalt&oacute; el compromiso de la Universidad&nbsp; con este proceso de construcci&oacute;n del Plan Estrat&eacute;gico, al mismo tiempo que afirm&oacute;, &ldquo;es una experiencia in&eacute;dita&rdquo;.<\/p>\n<p>La autoridad m&aacute;xima de la UNCuyo se&ntilde;al&oacute; adem&aacute;s, que en esta nueva&nbsp; etapa&nbsp; &ldquo;ser&aacute; necesario m&aacute;s que nunca las decisiones y el compromiso de quienes comanden la provincia, porque esta construcci&oacute;n&nbsp; tiene que ver con la suerte pol&iacute;tica que un pueblo toma sobre si mismo&rdquo;.<\/p>\n<p><strong>Segunda fase<\/strong><\/p>\n<p>Construcci&oacute;n colectiva del modelo deseado de provincia. Nuevos canales para&nbsp; la&nbsp; participaci&oacute;n de todos en la construcci&oacute;n del Plan Estrat&eacute;gico, se abrir&aacute;n en esta segunda fase del proceso.<\/p>\n<p>A partir del pr&oacute;ximo lunes, en la p&aacute;gina web del Plan, www.planestrategicomza.com.ar, &nbsp;los mendocinos podr&aacute;n&nbsp; volcar su opini&oacute;n sobre las fortalezas y oportunidades; debilidades y amenazas, que se deber&aacute;n contemplar&nbsp; para&nbsp; el desarrollo de la Mendoza del futuro.&nbsp;<\/p>\n<p>En el sitio de Internet estar&aacute;n a disposici&oacute;n&nbsp; la propuesta metodol&oacute;gica de esta nueva&nbsp; instancia; los formularios en los que se registrar&aacute;n los aportes de la ciudadan&iacute;a, y los resultados actualizados del nivel de consenso que exista sobre&nbsp; las diferentes consignas. El sistema fue puesto a prueba con &eacute;xito&nbsp; en el taller de FODA.<\/p>\n<p>Los formularios fueron elaborados por el Programa de Prospectiva del Rectorado de la UNCuyo a partir de los contenidos que el Equipo T&eacute;cnico del Plan Estrat&eacute;gico defini&oacute; para esta etapa.<\/p>\n<p>Las opiniones que se ingresen en la web, como as&iacute; tambi&eacute;n las que pueden entregarse en la sede del Plan, Lamadrid 300 de Ciudad, o v&iacute;a e-mail al info@planestrategicomza.com.ar, &nbsp;servir&aacute; de base al trabajo que tendr&aacute; lugar en los&nbsp; 5&nbsp; los talleres regionales abiertos&nbsp; a la ciudadan&iacute;a, y cuya convocatoria se dar&aacute; a conocer en los pr&oacute;ximos d&iacute;as.&nbsp; <\/p>\n<\/body><\/html>\n","protected":false},"excerpt":{"rendered":"La ubicaci&oacute;n de Mendoza, &ldquo;puerta de entrada y salida del Mercosur hacia el Pac&iacute;fico&rdquo; y la capacidad y nivel de instrucci&oacute;n del recurso humano, son algunas de las&nbsp; fortalezas de la provincia que el gobernador&nbsp;Celso Jaque identific&oacute; al t&eacute;rmino del taller de FODA y Visi&oacute;n, realizado el s&aacute;bado pasado en la Universidad Nacional de Cuyo&#8230;. <a class=\"view-article\" href=\"https:\/\/www.mendoza.gov.ar\/prensa\/jaque-llamo-a-participar-en-la-construccion-del-plan-estrategico\/\"><\/a>","protected":false},"author":3,"featured_media":0,"comment_status":"closed","ping_status":"open","sticky":false,"template":"","format":"standard","meta":[],"categories":[3],"tags":[],"_links":{"self":[{"href":"https:\/\/www.mendoza.gov.ar\/prensa\/wp-json\/wp\/v2\/posts\/16532"}],"collection":[{"href":"https:\/\/www.mendoza.gov.ar\/prensa\/wp-json\/wp\/v2\/posts"}],"about":[{"href":"https:\/\/www.mendoza.gov.ar\/prensa\/wp-json\/wp\/v2\/types\/post"}],"author":[{"embeddable":true,"href":"https:\/\/www.mendoza.gov.ar\/prensa\/wp-json\/wp\/v2\/users\/3"}],"replies":[{"embeddable":true,"href":"https:\/\/www.mendoza.gov.ar\/prensa\/wp-json\/wp\/v2\/comments?post=16532"}],"version-history":[{"count":0,"href":"https:\/\/www.mendoza.gov.ar\/prensa\/wp-json\/wp\/v2\/posts\/16532\/revisions"}],"wp:attachment":[{"href":"https:\/\/www.mendoza.gov.ar\/prensa\/wp-json\/wp\/v2\/media?parent=16532"}],"wp:term":[{"taxonomy":"category","embeddable":true,"href":"https:\/\/www.mendoza.gov.ar\/prensa\/wp-json\/wp\/v2\/categories?post=16532"},{"taxonomy":"post_tag","embeddable":true,"href":"https:\/\/www.mendoza.gov.ar\/prensa\/wp-json\/wp\/v2\/tags?post=16532"}],"curies":[{"name":"wp","href":"https:\/\/api.w.org\/{rel}","templated":true}]}}