{"id":16664,"date":"2010-12-29T00:00:00","date_gmt":"2010-12-29T00:00:00","guid":{"rendered":"http:\/\/prensa.wp2.mendoza.gov.ar\/?p=16664"},"modified":"2010-12-29T00:00:00","modified_gmt":"2010-12-29T00:00:00","slug":"cientificos-y-empresarios-se-reunen-para-debatir-sobre-cambio-climatico-y-vitivinicultura","status":"publish","type":"post","link":"https:\/\/www.mendoza.gov.ar\/prensa\/cientificos-y-empresarios-se-reunen-para-debatir-sobre-cambio-climatico-y-vitivinicultura\/","title":{"rendered":"Cient\u00edficos y empresarios se re\u00fanen para debatir sobre Cambio Clim\u00e1tico y vitivinicultura"},"content":{"rendered":"<!DOCTYPE html PUBLIC \"-\/\/W3C\/\/DTD HTML 4.0 Transitional\/\/EN\" \"http:\/\/www.w3.org\/TR\/REC-html40\/loose.dtd\">\n<html><body><p>El secretario de Medio Ambiente, Guillermo Carmona&nbsp; y el titular del INV, Guillermo Garc&iacute;a anunciaron hoy la realizaci&oacute;n del I Congreso de Cambio Clim&aacute;tico, Vitivinicultura y Recursos H&iacute;dricos que tendr&aacute; lugar los pr&oacute;ximos&nbsp; 9 y 10 de marzo en el Auditorio Angel Bustelo.<\/p>\n<p>Seg&uacute;n explicaron los funcionarios en la conferencia de prensa que brindaron este mediod&iacute;a en la Casa de Gobierno, el encuentro tiene como fin vincular al sector cient&iacute;fico con todos los actores de la cadena productiva vitivin&iacute;cola &ndash; productores, empresarios, profesionales y comerciantes- para analizar cu&aacute;les ser&aacute;n los efectos del Calentamiento Global en nuestra regi&oacute;n y cu&aacute;les las respuestas que habr&aacute; que dar desde el &aacute;mbito p&uacute;blico y privado para mantener&nbsp; la competitividad de nuestros productos.<\/p>\n<p>&ldquo;Se trata de elaborar a mediano y&nbsp; largo plazo, estrategias de mitigaci&oacute;n y adaptaci&oacute;n frente a este fen&oacute;meno&rdquo;, se&ntilde;al&oacute; Garc&iacute;a, en tanto Carmona afirm&oacute; que el Congreso &ldquo;ser&aacute; una oportunidad para avanzar y profundizar pol&iacute;ticas que ya se est&aacute;n desarrollando&rdquo;.<\/p>\n<p><strong>Expositores <\/strong><\/p>\n<p>Especialistas del &aacute;mbito cient&iacute;fico con reconocimiento internacional expondr&aacute;n durante el Congreso.<\/p>\n<p>Junto a los cient&iacute;ficos mendocinos Ricardo Villalba y&nbsp; Jos&eacute; Boninsegna participar&aacute;n en el Congreso el doctor&nbsp; Gregory Jones de la&nbsp; Universidad de Oreg&oacute;n, Estados Unidos; los doctores Elena Carretero, del&nbsp; Consorcios del Vino y el doctor Fernando Santib&aacute;&ntilde;ez, ambos de Chile y el brasilero Jorge Tonieto, de la Empresa de Investigaci&oacute;n Agraria del Ministerio de Agricultura de Brasil .<\/p>\n<\/body><\/html>\n","protected":false},"excerpt":{"rendered":"El secretario de Medio Ambiente, Guillermo Carmona&nbsp; y el titular del INV, Guillermo Garc&iacute;a anunciaron hoy la realizaci&oacute;n del I Congreso de Cambio Clim&aacute;tico, Vitivinicultura y Recursos H&iacute;dricos que tendr&aacute; lugar los pr&oacute;ximos&nbsp; 9 y 10 de marzo en el Auditorio Angel Bustelo. Seg&uacute;n explicaron los funcionarios en la conferencia de prensa que brindaron este&#8230; <a class=\"view-article\" href=\"https:\/\/www.mendoza.gov.ar\/prensa\/cientificos-y-empresarios-se-reunen-para-debatir-sobre-cambio-climatico-y-vitivinicultura\/\"><\/a>","protected":false},"author":3,"featured_media":0,"comment_status":"closed","ping_status":"open","sticky":false,"template":"","format":"standard","meta":[],"categories":[3],"tags":[],"_links":{"self":[{"href":"https:\/\/www.mendoza.gov.ar\/prensa\/wp-json\/wp\/v2\/posts\/16664"}],"collection":[{"href":"https:\/\/www.mendoza.gov.ar\/prensa\/wp-json\/wp\/v2\/posts"}],"about":[{"href":"https:\/\/www.mendoza.gov.ar\/prensa\/wp-json\/wp\/v2\/types\/post"}],"author":[{"embeddable":true,"href":"https:\/\/www.mendoza.gov.ar\/prensa\/wp-json\/wp\/v2\/users\/3"}],"replies":[{"embeddable":true,"href":"https:\/\/www.mendoza.gov.ar\/prensa\/wp-json\/wp\/v2\/comments?post=16664"}],"version-history":[{"count":0,"href":"https:\/\/www.mendoza.gov.ar\/prensa\/wp-json\/wp\/v2\/posts\/16664\/revisions"}],"wp:attachment":[{"href":"https:\/\/www.mendoza.gov.ar\/prensa\/wp-json\/wp\/v2\/media?parent=16664"}],"wp:term":[{"taxonomy":"category","embeddable":true,"href":"https:\/\/www.mendoza.gov.ar\/prensa\/wp-json\/wp\/v2\/categories?post=16664"},{"taxonomy":"post_tag","embeddable":true,"href":"https:\/\/www.mendoza.gov.ar\/prensa\/wp-json\/wp\/v2\/tags?post=16664"}],"curies":[{"name":"wp","href":"https:\/\/api.w.org\/{rel}","templated":true}]}}