{"id":16712,"date":"2010-04-26T00:00:00","date_gmt":"2010-04-26T00:00:00","guid":{"rendered":"http:\/\/prensa.wp2.mendoza.gov.ar\/?p=16712"},"modified":"2010-04-26T00:00:00","modified_gmt":"2010-04-26T00:00:00","slug":"inauguraran-cuatro-atractivas-muestras-de-plastica-grafica-y-animacion-manana-en-el-eca","status":"publish","type":"post","link":"https:\/\/www.mendoza.gov.ar\/prensa\/inauguraran-cuatro-atractivas-muestras-de-plastica-grafica-y-animacion-manana-en-el-eca\/","title":{"rendered":"INAUGURAR\u00c1N CUATRO ATRACTIVAS MUESTRAS DE PL\u00c1STICA, GR\u00c1FICA Y ANIMACI\u00d3N MA\u00d1ANA EN EL ECA"},"content":{"rendered":"<!DOCTYPE html PUBLIC \"-\/\/W3C\/\/DTD HTML 4.0 Transitional\/\/EN\" \"http:\/\/www.w3.org\/TR\/REC-html40\/loose.dtd\">\n<html><body><p>Cuatro atractivas muestras ser&aacute;n inauguradas ma&ntilde;ana a las 20 en el Espacio Contempor&aacute;neo de Arte (ECA), de la Secretar&iacute;a de Cultura de la Provincia, ubicado en 9 de Julio y Guti&eacute;rrez de Ciudad.<\/p>\n<p>Abarcan la exhibici&oacute;n de las tapas m&aacute;s representativas de la m&iacute;tica revista porte&ntilde;a de pol&iacute;tica e historia &ldquo;Caras y caretas&rdquo;, una exposici&oacute;n que muestra la t&eacute;cnica del &ldquo;filete&rdquo; como medio de expresi&oacute;n art&iacute;stica, una serie de afiches que Fernet Branca dedica a la conmemoraci&oacute;n del Bicentenario y una muestra multidisciplinaria organizada por la Fundaci&oacute;n Gutenberg.<\/p>\n<p>&ldquo;<strong>Caras y caretas + Gustavo Cardoso&rdquo;<\/strong><\/p>\n<p>La muestra &ldquo;Caras y caretas + Gustavo Cardoso&rdquo; se har&aacute; en coproducci&oacute;n con la Biblioteca P&uacute;blica General San Mart&iacute;n y la oficina de Prensa de la Secretar&iacute;a de Cultura de la Provincia.<\/p>\n<p>Est&aacute; compuesta por algunas de las m&aacute;s representativas ilustraciones de tapa de la revista &ldquo;Caras y caretas&rdquo;, publicada entre 1889 y 1941. Se ver&aacute; enriquecida, adem&aacute;s, con im&aacute;genes de las portadas de la revista &ldquo;La semana&rdquo;, una de las publicaciones mendocinas m&aacute;s populares de principios del siglo XX, que expl&iacute;citamente tomaba como inspiraci&oacute;n a la sat&iacute;rica publicaci&oacute;n porte&ntilde;a &ldquo;Caras y caretas&rdquo;.<\/p>\n<p>Acompa&ntilde;ar&aacute; la exposici&oacute;n el dise&ntilde;ador gr&aacute;fico bonaerense Gustavo Cardoso, con objetos y obras que muestran el &ldquo;filete&rdquo; como medio de expresi&oacute;n art&iacute;stica.<\/p>\n<p><strong>El &ldquo;filete&rdquo;, arte popular argentino<\/strong><\/p>\n<p>Nacido entre finales del siglo XIX y principios del XX en la ciudad de Buenos Aires, el &ldquo;filete&rdquo; surgi&oacute; como una manifestaci&oacute;n decorativa de los medios de transportes de los trabajadores de los mercados del Abasto, principalmente.<\/p>\n<p>Se dice que el &ldquo;filete&rdquo; y el tango van de la mano por sus comienzos paralelos. El primero le dio y le da a Buenos Aires una identidad visual &uacute;nica, que lo diferencia de otras expresiones que se pueden ver en el mundo, por su juego con la gracia y el movimiento.<\/p>\n<p><strong>Afiches de Branca<\/strong><\/p>\n<p>En 1910, Fernet Branca cre&oacute; un cuadro para conmemorar el Centenario de la Argentina, lo que demuestra la raigambre y el compromiso que la marca ten&iacute;a con nuestro pa&iacute;s y su gente.<\/p>\n<p>En esta ocasi&oacute;n, se har&aacute; la Segunda Edici&oacute;n de Arte &Uacute;nico, especialmente dedicada a la conmemoraci&oacute;n del Bicentenario.<\/p>\n<p>Bajo la curadur&iacute;a de Laura Buccelato, y un jurado integrado por Ricardo Blanco, Juan Cavallero, Carlos Fracchia y Ernesto Ballesteros, se cre&oacute; esta colecci&oacute;n para sumarse a los festejos de tan relevante fecha patria.<\/p>\n<p><strong>Fundaci&oacute;n Gutenberg<\/strong><\/p>\n<p>Desde hace cinco a&ntilde;os, la Fundaci&oacute;n Gutenberg Mendoza y la Sociedad Argentina de Escritores (SADE)-Mendoza organizan el Certamen Literario Gutenberg, abierto a autores mayores de 18 a&ntilde;os.<\/p>\n<p>Este a&ntilde;o, el tema que reuni&oacute; las obras se gener&oacute; en el marco del Bicentenario: &ldquo;&iquest;Qu&eacute; somos despu&eacute;s de 200 a&ntilde;os?&rdquo;.<\/p>\n<p>En esta muestra multidisciplinaria podr&aacute;n verse una serie de afiches seleccionados para la promoci&oacute;n del Certamen Literario Gutenberg 2009, proyecciones animadas (trabajos multimediales) con tem&aacute;ticas basadas en el Bicentenario y la muestra fotogr&aacute;fica &ldquo;Libros impresos&rdquo;.<\/p>\n<p>Estos trabajos han sido realizados por alumnos de la Fundaci&oacute;n Gutenberg: en el caso de &ldquo;Libros impresos&rdquo;, en colaboraci&oacute;n con el sector gr&aacute;fico empresarial.<\/p>\n<p><strong>Fuente:<\/strong> Prensa Secretar&iacute;a de Cultura<\/p>\n<p><strong>Edici&oacute;n: <\/strong>Gabriel Espejo<\/p>\n<\/body><\/html>\n","protected":false},"excerpt":{"rendered":"Cuatro atractivas muestras ser&aacute;n inauguradas ma&ntilde;ana a las 20 en el Espacio Contempor&aacute;neo de Arte (ECA), de la Secretar&iacute;a de Cultura de la Provincia, ubicado en 9 de Julio y Guti&eacute;rrez de Ciudad. Abarcan la exhibici&oacute;n de las tapas m&aacute;s representativas de la m&iacute;tica revista porte&ntilde;a de pol&iacute;tica e historia &ldquo;Caras y caretas&rdquo;, una exposici&oacute;n&#8230; <a class=\"view-article\" href=\"https:\/\/www.mendoza.gov.ar\/prensa\/inauguraran-cuatro-atractivas-muestras-de-plastica-grafica-y-animacion-manana-en-el-eca\/\"><\/a>","protected":false},"author":3,"featured_media":0,"comment_status":"closed","ping_status":"open","sticky":false,"template":"","format":"standard","meta":[],"categories":[8],"tags":[],"_links":{"self":[{"href":"https:\/\/www.mendoza.gov.ar\/prensa\/wp-json\/wp\/v2\/posts\/16712"}],"collection":[{"href":"https:\/\/www.mendoza.gov.ar\/prensa\/wp-json\/wp\/v2\/posts"}],"about":[{"href":"https:\/\/www.mendoza.gov.ar\/prensa\/wp-json\/wp\/v2\/types\/post"}],"author":[{"embeddable":true,"href":"https:\/\/www.mendoza.gov.ar\/prensa\/wp-json\/wp\/v2\/users\/3"}],"replies":[{"embeddable":true,"href":"https:\/\/www.mendoza.gov.ar\/prensa\/wp-json\/wp\/v2\/comments?post=16712"}],"version-history":[{"count":0,"href":"https:\/\/www.mendoza.gov.ar\/prensa\/wp-json\/wp\/v2\/posts\/16712\/revisions"}],"wp:attachment":[{"href":"https:\/\/www.mendoza.gov.ar\/prensa\/wp-json\/wp\/v2\/media?parent=16712"}],"wp:term":[{"taxonomy":"category","embeddable":true,"href":"https:\/\/www.mendoza.gov.ar\/prensa\/wp-json\/wp\/v2\/categories?post=16712"},{"taxonomy":"post_tag","embeddable":true,"href":"https:\/\/www.mendoza.gov.ar\/prensa\/wp-json\/wp\/v2\/tags?post=16712"}],"curies":[{"name":"wp","href":"https:\/\/api.w.org\/{rel}","templated":true}]}}