{"id":16766,"date":"2010-06-18T00:00:00","date_gmt":"2010-06-18T00:00:00","guid":{"rendered":"http:\/\/prensa.wp2.mendoza.gov.ar\/?p=16766"},"modified":"2010-06-18T00:00:00","modified_gmt":"2010-06-18T00:00:00","slug":"cuatro-miradas-sobre-la-condicion-humana-inauguracion-simultanea-de-muestras-fotograficas-en-el-eca","status":"publish","type":"post","link":"https:\/\/www.mendoza.gov.ar\/prensa\/cuatro-miradas-sobre-la-condicion-humana-inauguracion-simultanea-de-muestras-fotograficas-en-el-eca\/","title":{"rendered":"CUATRO MIRADAS SOBRE LA CONDICI\u00d3N HUMANA: INAUGURACI\u00d3N SIMULTANEA DE MUESTRAS FOTOGR\u00c1FICAS EN EL ECA"},"content":{"rendered":"<!DOCTYPE html PUBLIC \"-\/\/W3C\/\/DTD HTML 4.0 Transitional\/\/EN\" \"http:\/\/www.w3.org\/TR\/REC-html40\/loose.dtd\">\n<html><body><p>La Fundaci&oacute;n YPF presenta la muestra del reconocido fot&oacute;grafo santafesino Marcos L&oacute;pez &ldquo;Vuelo de Cabotaje&rdquo; en el marco de su Programa de Muestras Itinerantes. Esta nueva iniciativa llevar&aacute; a distintas ciudades del pa&iacute;s &ndash;fundamentalmente las localidades en las que opera YPF- muestras de artistas argentinos contempor&aacute;neos, seleccionados por la diversidad de sus planteos y lenguajes. Este programa posibilitar&aacute; el acceso de diferentes p&uacute;blicos a la producci&oacute;n de nuestros artistas estimulando el esp&iacute;ritu cr&iacute;tico, la creatividad y la innovaci&oacute;n. <\/p>\n<p>Vuelo de cabotaje, ofrece una mirada a su producci&oacute;n a modo de retrospectiva. Hay en esta muestra muchas y diversas im&aacute;genes: algunas de hace mucho tiempo, en su Santa Fe natal; otras de su etapa de fotograf&iacute;as en blanco y negro de los a&ntilde;os 80 y tambi&eacute;n el retrato de la d&eacute;cada del 90 y los tiempos menemistas en obras a todo color con escenas caricaturescas que se ganaron el nombre de pop latino.<\/p>\n<p>L&oacute;pez es un verdadero maestro de la fotograf&iacute;a, reconocido a partir de su oficio y de la construcci&oacute;n de una mirada singular y propia. &ldquo;Me gusta hablar de lo de ac&aacute;. Universalizar la textura emocional de los recuerdos, las escenas de la infancia, mezclarlos con lo que t&eacute;cnicamente se llama &ldquo;color local&rdquo; y sentir que estoy haciendo una cr&oacute;nica socio-pol&iacute;tica de la &eacute;poca, aunque est&eacute; pensando en el olor de la maestra de primer grado&rdquo;, declara al respecto.<\/p>\n\n<p>Florencia Angelini presenta su Muestra &ldquo;Cartoneros&rdquo;<\/p>\n\n<p>Florencia Angelini se encuentra realizando su trabajo de tesina de la Licenciatura en Psicolog&iacute;a, en la Universidad del Aconcagua de Mendoza. El tema de su investigaci&oacute;n se centra en el deseo y las posibilidades de elecci&oacute;n que tienen las personas que se dedican a recolectar cartones de la calle y viven de esta actividad. Su inter&eacute;s est&aacute; claramente centrado en las tem&aacute;ticas sociales que se manifiestan como fen&oacute;menos particulares de nuestra cultura. <\/p>\n<p>La figura de &ldquo;Los Cartoneros&rdquo; apareci&oacute; en el 2001, en un contexto donde en el pa&iacute;s reinaban los disturbios, las protestas y el exilio. Los cartoneros son hombres, mujeres y ni&ntilde;os que se encargan de recolectar aquel material que otras personas desechan bajo el concepto de &ldquo;basura&rdquo;, que puede ser reciclado y tiene alg&uacute;n valor monetario para el posible comprador. &ldquo;Generalmente, lo que m&aacute;s se percibe es la tarea del cartonero, sin embargo, existe todo un sistema que los sostiene y los demanda, en el que cada uno de los materiales que selecciona es entregado al acopiador, quien accede al material a bajo costo, y luego lo vende a las empresas para que realicen el proceso de reciclado&rdquo;, explica Florencia Angelini.<\/p>\n<p>La artista, comenz&oacute; su formaci&oacute;n en el &aacute;mbito de la fotograf&iacute;a unos a&ntilde;os atr&aacute;s, cuando descubri&oacute; que la imagen que capta el ser humano es una experiencia particular que puede ser eternizada a trav&eacute;s de una c&aacute;mara fotogr&aacute;fica. En el a&ntilde;o 2008 realiz&oacute; un curso acerca de los principios de la fotograf&iacute;a y el uso del laboratorio en el C&iacute;rculo de Periodistas. Desde all&iacute; obtuvo una menci&oacute;n en el Sal&oacute;n Vendimia 2009, y ha realizado muestras colectivas durante este mismo a&ntilde;o en el sal&oacute;n Adolfo Calle y en el Teatro Municipal Julio Quintanilla. Tambi&eacute;n ha participado del taller de fotograf&iacute;a que la Municipalidad de la Ciudad de Mendoza brinda en los Centros Integradores de la Provincia.&nbsp;&nbsp;<\/p>\n<p>La &ldquo;Rep&uacute;blica Surrealista&rdquo; de Pilar Bosia&nbsp;&nbsp;<\/p>\n\n<p>&ldquo;Rep&uacute;blica surrealista&rdquo; es su cuarta muestra individual. La exposici&oacute;n tiene el objetivo de mostrar objetos desechados por la sociedad en canales de desag&uuml;e en distintas regiones de la Argentina.&nbsp;<\/p>\n<p>La artista Pilar Bosia es mendocina, oriunda del departamento de Tupungato, egresada de la carrera de Artes Visuales de la Universidad Nacional de Cuyo. Si bien desde muy joven realiza dibujos, fotograf&iacute;as e instalaciones ef&iacute;meras, sus primeras muestras profesionales fueron durante el a&ntilde;o 2003 en la ciudad de Mendoza. Desde entonces ha trabajado en exhibiciones de arte p&uacute;blico a nivel nacional, tales como el Cow Parade Buenos Aires 2006, Arte en Barricas 2008, Alameda 20 a 20 en 2010, entre otros. Adem&aacute;s ha desarrollado muestras grupales e individuales en galer&iacute;as y museos en distintas provincias del pa&iacute;s.<\/p>\n<p>En el a&ntilde;o 2008, a trav&eacute;s de una beca de intercambio cultural residi&oacute; en Brasil en la ciudad de San Pablo, donde particip&oacute; del &ldquo;Centro de Producci&oacute;n y Debate sobre Arte y Cultura Contempor&aacute;neos&rdquo;. Eventualmente realiz&oacute; algunas muestras en espacios privados, y tambi&eacute;n particip&oacute; dando conferencias para difundir nuestras manifestaciones del arte regional en el vecino pa&iacute;s. Tambi&eacute;n se ha desempe&ntilde;ado como coordinadora de programas educativos y de eventos art&iacute;sticos sociales.&nbsp;&nbsp;<\/p>\n<p>La muestra no pretende agradar al espectador, por el contrario lo interpela y enfrenta a situaciones desagradables, &aacute;speras y sucias. El uso de basura y objetos encontrados en sus producciones son una constante que busca romper el encantamiento de la vieja concepci&oacute;n del arte como un lujo concentrado en piezas &uacute;nicas, para dar lugar a la importancia del plano del contenido generalmente muy ligado al campo de la antropolog&iacute;a, la filosof&iacute;a y la sociolog&iacute;a.<\/p>\n<p>La artista, en &ldquo;Rep&uacute;blica surrealista&rdquo; presenta una serie de fotograf&iacute;as con algunos objetos, con los que intenta llevar im&aacute;genes comunes y actuales que plantean interrogantes acerca de nuestra identidad, nuestra cultura y nuestra econom&iacute;a como pa&iacute;s.<\/p>\n\n<p>Cuarenta fotograf&iacute;as en blanco y negro de Bernhard Wicki&nbsp;<\/p>\n<p>Bernhard Wicki, alcanz&oacute; fama a nivel mundial con la pel&iacute;cula &ldquo;El Puente&rdquo; (1959), obra que se articula con fuerza expresiva contra la guerra, y pone rostro a la generaci&oacute;n de alemanes j&oacute;venes que crecieron en el horror de la Segunda Guerra Mundial. Pero es reci&eacute;n ahora, m&aacute;s de 40 a&ntilde;os despu&eacute;s, cuando se descubre que el director trabajaba como fot&oacute;grafo en los a&ntilde;os `50. <\/p>\n<p>Bernhard Wicki (1919-2000) no s&oacute;lo era un director y actor eminente: en los a&ntilde;os cincuenta cre&oacute; una prol&iacute;fica obra fotogr&aacute;fica que se sum&oacute; a su trabajo como director.Tom&oacute; sus fotograf&iacute;as durante sus viajes por Alemania, Francia, Italia, Bosnia, Marruecos y T&uacute;nez, as&iacute; como en su domicilio de Munich. Dedicando su atenci&oacute;n primordialmente al ser humano y sus actividades cotidianas, Wicki dibuj&oacute; una idea impresionante del per&iacute;odo en torno a los sucesos catastr&oacute;ficos de la Segunda Guerra Mundial. Adem&aacute;s de esto retrat&oacute; a sus colegas del mundo del arte de una manera muy personal.<\/p>\n<p>Esta muestra, integrada por 40 fotograf&iacute;as en blanco y negro y tra&iacute;da por el Goethe-Institut y la IFA de Alemania, es organizada por la Sociedad Goetheana Argentina, Goethe-Zentrum Mendoza, y cuenta con la promoci&oacute;n del ECA (Espacio Contempor&aacute;neo de Arte) perteneciente a la Secretar&iacute;a de Cultura de la Provincia.<\/p>\n<p>Ceferino Morales Namuncur&aacute;. De la Serie Santos Populares, fotograf&iacute;as con instalaci&oacute;n de C&eacute;sar Panella. <\/p>\n<p>&ldquo;Esta exposici&oacute;n fotogr&aacute;fica de perfil documental llega como parte de un proyecto vivo e itinerante. La propuesta tom&oacute; su primera fisonom&iacute;a en el Oratorio dedicado a Ceferino en el departamento Las Heras. Contin&uacute;a luego su recorrido por galer&iacute;as de arte, museos y distintos departamentos de la provincia, donde la devoci&oacute;n popular intervino y sum&oacute; a la po&eacute;tica del autor elementos significativos y simb&oacute;licos&hellip;&rdquo; (Marcela Furlani, Curadora).&nbsp;&nbsp;<\/p>\n<p>Tambi&eacute;n Quedar&aacute;n Inaugurados Tres Nuevos Murales de La &ldquo;Selecci&oacute;n Natural Grutezca Devolutivamente Mutante&rdquo; <\/p>\n<p>Esta exposici&oacute;n de &ldquo;Murales Ef&iacute;meros&rdquo; es una continuaci&oacute;n del proyecto que en diciembre del 2009 iniciaron los artistas visuales Adri&aacute;n Mazzieri, Juan Castillo y Juan Pablo Inzirillo. La muestra tiene por objetivo completar la sala del subsuelo del ECA, incluidos techo, columnas y piso. Para esto, se selecciona 3 artistas por inauguraci&oacute;n (cada mes y medio aproximadamente). Los nuevos murales se sumar&aacute;n a los ya existentes a lo largo de todo el 2010, para luego, en un evento final de cierre, ser pintados de blanco por todos los artistas participantes y as&iacute; concluir &ldquo;Murales Ef&iacute;meros&rdquo;.En esta oportunidad se inaugurar&aacute;n tres nuevos murales a cargo de Agust&iacute;n Barrios, Ayel&eacute;n Villalba y el colectivo formado por &Eacute;rica Leiva y Mariano Garc&iacute;a. <\/p>\n<p>El viernes 25 de junio, a las 20.30, el Espacio Contempor&aacute;neo de Arte (9 de Julio y Guti&eacute;rrez, de Ciudad) inaugura simult&aacute;neamente cinco muestras de fotograf&iacute;as de excelente nivel, y a las 21, tres nuevos murales dentro del espacio &ldquo;Murales ef&iacute;meros&rdquo;. Las mismas podr&aacute;n visitarse hasta el 1 de agosto.&nbsp;<\/p>\n<\/body><\/html>\n","protected":false},"excerpt":{"rendered":"La Fundaci&oacute;n YPF presenta la muestra del reconocido fot&oacute;grafo santafesino Marcos L&oacute;pez &ldquo;Vuelo de Cabotaje&rdquo; en el marco de su Programa de Muestras Itinerantes. Esta nueva iniciativa llevar&aacute; a distintas ciudades del pa&iacute;s &ndash;fundamentalmente las localidades en las que opera YPF- muestras de artistas argentinos contempor&aacute;neos, seleccionados por la diversidad de sus planteos y lenguajes&#8230;. <a class=\"view-article\" href=\"https:\/\/www.mendoza.gov.ar\/prensa\/cuatro-miradas-sobre-la-condicion-humana-inauguracion-simultanea-de-muestras-fotograficas-en-el-eca\/\"><\/a>","protected":false},"author":3,"featured_media":0,"comment_status":"closed","ping_status":"open","sticky":false,"template":"","format":"standard","meta":[],"categories":[8],"tags":[],"_links":{"self":[{"href":"https:\/\/www.mendoza.gov.ar\/prensa\/wp-json\/wp\/v2\/posts\/16766"}],"collection":[{"href":"https:\/\/www.mendoza.gov.ar\/prensa\/wp-json\/wp\/v2\/posts"}],"about":[{"href":"https:\/\/www.mendoza.gov.ar\/prensa\/wp-json\/wp\/v2\/types\/post"}],"author":[{"embeddable":true,"href":"https:\/\/www.mendoza.gov.ar\/prensa\/wp-json\/wp\/v2\/users\/3"}],"replies":[{"embeddable":true,"href":"https:\/\/www.mendoza.gov.ar\/prensa\/wp-json\/wp\/v2\/comments?post=16766"}],"version-history":[{"count":0,"href":"https:\/\/www.mendoza.gov.ar\/prensa\/wp-json\/wp\/v2\/posts\/16766\/revisions"}],"wp:attachment":[{"href":"https:\/\/www.mendoza.gov.ar\/prensa\/wp-json\/wp\/v2\/media?parent=16766"}],"wp:term":[{"taxonomy":"category","embeddable":true,"href":"https:\/\/www.mendoza.gov.ar\/prensa\/wp-json\/wp\/v2\/categories?post=16766"},{"taxonomy":"post_tag","embeddable":true,"href":"https:\/\/www.mendoza.gov.ar\/prensa\/wp-json\/wp\/v2\/tags?post=16766"}],"curies":[{"name":"wp","href":"https:\/\/api.w.org\/{rel}","templated":true}]}}