{"id":16768,"date":"2010-06-22T00:00:00","date_gmt":"2010-06-22T00:00:00","guid":{"rendered":"http:\/\/prensa.wp2.mendoza.gov.ar\/?p=16768"},"modified":"2010-06-22T00:00:00","modified_gmt":"2010-06-22T00:00:00","slug":"concierto-de-la-orquesta-filarmonica-bajo-la-direccion-de-nicolas-rauss","status":"publish","type":"post","link":"https:\/\/www.mendoza.gov.ar\/prensa\/concierto-de-la-orquesta-filarmonica-bajo-la-direccion-de-nicolas-rauss\/","title":{"rendered":"CONCIERTO DE LA ORQUESTA FILARM\u00d3NICA BAJO LA DIRECCI\u00d3N DE NICOL\u00c1S RAUSS"},"content":{"rendered":"<!DOCTYPE html PUBLIC \"-\/\/W3C\/\/DTD HTML 4.0 Transitional\/\/EN\" \"http:\/\/www.w3.org\/TR\/REC-html40\/loose.dtd\">\n<html><body><p><strong>Nicol&aacute;s Rauss (Suiza\/ Argentina)<\/strong><\/p>\n<p>Nacido en Ginebra, Suiza, N. R. estudia en el Conservatorio de esta ciudad direcci&oacute;n coral con Michel Corboz, y direcci&oacute;n orquestal con Arpad Gerecz. Asiste a varios cursos internacionales, como los de Rafael Kubelik, de Ferdinand Leitner, de Hiroyuki Iwaki, y de Vladimir Delman. En 1983 y 1984, comienza su carrera en los festivales internacionales suizos de Lausanne, Sion etc.<\/p>\n<p>A fines de 1984 se traslada a Sudam&eacute;rica d&oacute;nde dirige frecuentemente, en Uruguay, la Sinf&oacute;nica del SODRE, la Filarm&oacute;nica de Montevideo, y la Orquesta de C&aacute;mara del Ministerio de Educaci&oacute;n y Cultura. Paralelamente desarrolla una actividad de director invitado que lo lleva a Italia, Alemania, Macedonia, Georgia, Brasil, Chile, Per&uacute; y Argentina.<\/p>\n<p>En 1987 obtiene por unanimidad el Primer Premio en el 6&deg; Concurso Internacional de Direcci&oacute;n Orquestal &ldquo;Gino Marinuzzi&rdquo; de Sanremo.<\/p>\n<p>Desde 1997 se establece en Argentina, d&oacute;nde es Director Titular de la Filarm&oacute;nica de Mendoza durante cinco temporadas (2000 &ndash; 2004).<\/p>\n<p>Entre 1993 y 2007 es director invitado en reiteradas oportunidades de orquestas como la Sinf&oacute;nica de Chile, de Per&uacute;, de Porto Alegre, de C&oacute;rdoba etc.<\/p>\n<p>Es Director Principal de la Orquesta Sinf&oacute;nica del SODRE para la temporada 2008.<\/p>\n<p>Entre sus actividades de la temporada 2010 se destacan, en Rosario (Argentina), la direcci&oacute;n de la Flauta M&aacute;gica, de la Misa di Gloria de Puccini, de la Suite del Caballero a la Rosa de Strauss, de la 3&ordf; Sinfon&iacute;a de Martin&#367;; en Montevideo la del Para&iacute;so y la Peri de Schumann, y en Santiago de Chile, la del &ldquo;Vin Herb&eacute;&rdquo; de Frank Martin.<\/p>\n\n<p>Desde 2008 es Director Titular de la Orquesta Sinf&oacute;nica Provincial de Rosario.<\/p>\n<\/body><\/html>\n","protected":false},"excerpt":{"rendered":"Nicol&aacute;s Rauss (Suiza\/ Argentina) Nacido en Ginebra, Suiza, N. R. estudia en el Conservatorio de esta ciudad direcci&oacute;n coral con Michel Corboz, y direcci&oacute;n orquestal con Arpad Gerecz. Asiste a varios cursos internacionales, como los de Rafael Kubelik, de Ferdinand Leitner, de Hiroyuki Iwaki, y de Vladimir Delman. En 1983 y 1984, comienza su carrera&#8230; <a class=\"view-article\" href=\"https:\/\/www.mendoza.gov.ar\/prensa\/concierto-de-la-orquesta-filarmonica-bajo-la-direccion-de-nicolas-rauss\/\"><\/a>","protected":false},"author":3,"featured_media":0,"comment_status":"closed","ping_status":"open","sticky":false,"template":"","format":"standard","meta":[],"categories":[8],"tags":[],"_links":{"self":[{"href":"https:\/\/www.mendoza.gov.ar\/prensa\/wp-json\/wp\/v2\/posts\/16768"}],"collection":[{"href":"https:\/\/www.mendoza.gov.ar\/prensa\/wp-json\/wp\/v2\/posts"}],"about":[{"href":"https:\/\/www.mendoza.gov.ar\/prensa\/wp-json\/wp\/v2\/types\/post"}],"author":[{"embeddable":true,"href":"https:\/\/www.mendoza.gov.ar\/prensa\/wp-json\/wp\/v2\/users\/3"}],"replies":[{"embeddable":true,"href":"https:\/\/www.mendoza.gov.ar\/prensa\/wp-json\/wp\/v2\/comments?post=16768"}],"version-history":[{"count":0,"href":"https:\/\/www.mendoza.gov.ar\/prensa\/wp-json\/wp\/v2\/posts\/16768\/revisions"}],"wp:attachment":[{"href":"https:\/\/www.mendoza.gov.ar\/prensa\/wp-json\/wp\/v2\/media?parent=16768"}],"wp:term":[{"taxonomy":"category","embeddable":true,"href":"https:\/\/www.mendoza.gov.ar\/prensa\/wp-json\/wp\/v2\/categories?post=16768"},{"taxonomy":"post_tag","embeddable":true,"href":"https:\/\/www.mendoza.gov.ar\/prensa\/wp-json\/wp\/v2\/tags?post=16768"}],"curies":[{"name":"wp","href":"https:\/\/api.w.org\/{rel}","templated":true}]}}