{"id":16775,"date":"2010-07-13T00:00:00","date_gmt":"2010-07-13T00:00:00","guid":{"rendered":"http:\/\/prensa.wp2.mendoza.gov.ar\/?p=16775"},"modified":"2010-07-13T00:00:00","modified_gmt":"2010-07-13T00:00:00","slug":"la-secretaria-de-cultura-celebrara-el-dia-de-las-letras-mendocinas","status":"publish","type":"post","link":"https:\/\/www.mendoza.gov.ar\/prensa\/la-secretaria-de-cultura-celebrara-el-dia-de-las-letras-mendocinas\/","title":{"rendered":"LA SECRETAR\u00cdA DE CULTURA CELEBRAR\u00c1 EL D\u00cdA DE LAS LETRAS MENDOCINAS"},"content":{"rendered":"<!DOCTYPE html PUBLIC \"-\/\/W3C\/\/DTD HTML 4.0 Transitional\/\/EN\" \"http:\/\/www.w3.org\/TR\/REC-html40\/loose.dtd\">\n<html><body><p>\nLa Secretar&iacute;a de Cultura celebrar&aacute; el D&iacute;a de las Letras Mendocinas, en homenaje al poeta Juan Gualberto Godoy a trav&eacute;s de un acto que se desarrollar&aacute; este viernes 16, a las 20, en la Sala Elina Alba.<\/p>\n<p>El acto contar&aacute; con la presencia del Secretario de Cultura, Ricardo Scollo, y la Directora de Desarrollo Cultural, Esc. Liliana Berm&uacute;dez, quien presentar&aacute; a los ganadores del Certamen Literario del &ldquo;Gran Premio Vendimia 2010&rdquo;, Mariano Adri&aacute;n Jofr&eacute; (Primer Premio de Cuento) y Omar Ochi (Primer Premio de Poes&iacute;a)<\/p>\n<p>En la ocasi&oacute;n, actuar&aacute; el m&uacute;sico Lisandro Bert&iacute;n y habr&aacute; un brindis de honor.<\/p>\n<p>La entrada es libre y gratuita.<\/p>\n<p>Fuente: Prensa &ndash; Secretar&iacute;a de Cultura<\/p>\n<p>Edici&oacute;n: Sandra Pizarro<\/p>\n<\/body><\/html>\n","protected":false},"excerpt":{"rendered":"La Secretar&iacute;a de Cultura celebrar&aacute; el D&iacute;a de las Letras Mendocinas, en homenaje al poeta Juan Gualberto Godoy a trav&eacute;s de un acto que se desarrollar&aacute; este viernes 16, a las 20, en la Sala Elina Alba. El acto contar&aacute; con la presencia del Secretario de Cultura, Ricardo Scollo, y la Directora de Desarrollo Cultural,&#8230; <a class=\"view-article\" href=\"https:\/\/www.mendoza.gov.ar\/prensa\/la-secretaria-de-cultura-celebrara-el-dia-de-las-letras-mendocinas\/\"><\/a>","protected":false},"author":3,"featured_media":0,"comment_status":"closed","ping_status":"open","sticky":false,"template":"","format":"standard","meta":[],"categories":[8],"tags":[],"_links":{"self":[{"href":"https:\/\/www.mendoza.gov.ar\/prensa\/wp-json\/wp\/v2\/posts\/16775"}],"collection":[{"href":"https:\/\/www.mendoza.gov.ar\/prensa\/wp-json\/wp\/v2\/posts"}],"about":[{"href":"https:\/\/www.mendoza.gov.ar\/prensa\/wp-json\/wp\/v2\/types\/post"}],"author":[{"embeddable":true,"href":"https:\/\/www.mendoza.gov.ar\/prensa\/wp-json\/wp\/v2\/users\/3"}],"replies":[{"embeddable":true,"href":"https:\/\/www.mendoza.gov.ar\/prensa\/wp-json\/wp\/v2\/comments?post=16775"}],"version-history":[{"count":0,"href":"https:\/\/www.mendoza.gov.ar\/prensa\/wp-json\/wp\/v2\/posts\/16775\/revisions"}],"wp:attachment":[{"href":"https:\/\/www.mendoza.gov.ar\/prensa\/wp-json\/wp\/v2\/media?parent=16775"}],"wp:term":[{"taxonomy":"category","embeddable":true,"href":"https:\/\/www.mendoza.gov.ar\/prensa\/wp-json\/wp\/v2\/categories?post=16775"},{"taxonomy":"post_tag","embeddable":true,"href":"https:\/\/www.mendoza.gov.ar\/prensa\/wp-json\/wp\/v2\/tags?post=16775"}],"curies":[{"name":"wp","href":"https:\/\/api.w.org\/{rel}","templated":true}]}}