{"id":16789,"date":"2010-07-30T00:00:00","date_gmt":"2010-07-30T00:00:00","guid":{"rendered":"http:\/\/prensa.wp2.mendoza.gov.ar\/?p=16789"},"modified":"2010-07-30T00:00:00","modified_gmt":"2010-07-30T00:00:00","slug":"disenaran-portal-de-acceso-unico-para-todas-las-bibliotecas-de-la-provincia","status":"publish","type":"post","link":"https:\/\/www.mendoza.gov.ar\/prensa\/disenaran-portal-de-acceso-unico-para-todas-las-bibliotecas-de-la-provincia\/","title":{"rendered":"DISE\u00d1AR\u00c1N PORTAL DE ACCESO \u00daNICO PARA TODAS LAS BIBLIOTECAS DE LA PROVINCIA"},"content":{"rendered":"<!DOCTYPE html PUBLIC \"-\/\/W3C\/\/DTD HTML 4.0 Transitional\/\/EN\" \"http:\/\/www.w3.org\/TR\/REC-html40\/loose.dtd\">\n<html><body><p>La Subsecretar&iacute;a de Gesti&oacute;n P&uacute;blicas, mediante la Direcci&oacute;n de Modernizaci&oacute;n de Estado, el Comit&eacute; de Informaci&oacute;n P&uacute;blica y&nbsp;la Biblioteca General&nbsp;San Mart&iacute;n convocaron a bibliotecas p&uacute;blicas, privadas y populares con el&nbsp;objetivo de realizar un an&aacute;lisis de las acciones y pasos a seguir para la implementaci&oacute;n del proyecto &ldquo;Portal de Bibliotecas Mendocinas&rdquo;.<\/p>\n<p>La&nbsp;meta es&nbsp;vincular&nbsp;las bibliotecas de la provincia con la sociedad y en este sentido, los organismos conf&iacute;an que se puede posibilitar un acceso &uacute;nico&nbsp;donde el usuario encuentre f&aacute;cilmente los servicios ofrecidos.<\/p>\n<p>Para esto, se realizar&aacute; un registro inform&aacute;tico y actualizado que contenga&nbsp;informaci&oacute;n institucional y de la diversidad de material que poseen las distintas bibliotecas.<\/p>\n<p>Participaron de la reuni&oacute;n&nbsp;representantes de bibliotecas de diversos puntos de la provincia (Maip&uacute;, San Mart&iacute;n, Luj&aacute;n y&nbsp; Capital),&nbsp;&nbsp;bibliotecarios y ayudantes; el secretario de Cultura, Ricardo Scollo; subsecretario de Gesti&oacute;n P&uacute;blica, Alberto Gurruchaga; la directora de Modernizaci&oacute;n del Estado, Gabriela S&aacute;nchez; el coordinador T&eacute;cnico del Comit&eacute; de Informaci&oacute;n P&uacute;blica, Eduardo Salmer&oacute;n; el director de la Biblioteca General San Mart&iacute;n, Facundo Mercadante; y la vice directora Lucia Burget, quienes&nbsp;efectuaron aportes a fin de poder concretar y optimizar la herramienta.<\/p>\n<p><\/p>\n<\/body><\/html>\n","protected":false},"excerpt":{"rendered":"La Subsecretar&iacute;a de Gesti&oacute;n P&uacute;blicas, mediante la Direcci&oacute;n de Modernizaci&oacute;n de Estado, el Comit&eacute; de Informaci&oacute;n P&uacute;blica y&nbsp;la Biblioteca General&nbsp;San Mart&iacute;n convocaron a bibliotecas p&uacute;blicas, privadas y populares con el&nbsp;objetivo de realizar un an&aacute;lisis de las acciones y pasos a seguir para la implementaci&oacute;n del proyecto &ldquo;Portal de Bibliotecas Mendocinas&rdquo;. La&nbsp;meta es&nbsp;vincular&nbsp;las bibliotecas de la&#8230; <a class=\"view-article\" href=\"https:\/\/www.mendoza.gov.ar\/prensa\/disenaran-portal-de-acceso-unico-para-todas-las-bibliotecas-de-la-provincia\/\"><\/a>","protected":false},"author":3,"featured_media":0,"comment_status":"closed","ping_status":"open","sticky":false,"template":"","format":"standard","meta":[],"categories":[8],"tags":[],"_links":{"self":[{"href":"https:\/\/www.mendoza.gov.ar\/prensa\/wp-json\/wp\/v2\/posts\/16789"}],"collection":[{"href":"https:\/\/www.mendoza.gov.ar\/prensa\/wp-json\/wp\/v2\/posts"}],"about":[{"href":"https:\/\/www.mendoza.gov.ar\/prensa\/wp-json\/wp\/v2\/types\/post"}],"author":[{"embeddable":true,"href":"https:\/\/www.mendoza.gov.ar\/prensa\/wp-json\/wp\/v2\/users\/3"}],"replies":[{"embeddable":true,"href":"https:\/\/www.mendoza.gov.ar\/prensa\/wp-json\/wp\/v2\/comments?post=16789"}],"version-history":[{"count":0,"href":"https:\/\/www.mendoza.gov.ar\/prensa\/wp-json\/wp\/v2\/posts\/16789\/revisions"}],"wp:attachment":[{"href":"https:\/\/www.mendoza.gov.ar\/prensa\/wp-json\/wp\/v2\/media?parent=16789"}],"wp:term":[{"taxonomy":"category","embeddable":true,"href":"https:\/\/www.mendoza.gov.ar\/prensa\/wp-json\/wp\/v2\/categories?post=16789"},{"taxonomy":"post_tag","embeddable":true,"href":"https:\/\/www.mendoza.gov.ar\/prensa\/wp-json\/wp\/v2\/tags?post=16789"}],"curies":[{"name":"wp","href":"https:\/\/api.w.org\/{rel}","templated":true}]}}