{"id":16796,"date":"2010-08-06T00:00:00","date_gmt":"2010-08-06T00:00:00","guid":{"rendered":"http:\/\/prensa.wp2.mendoza.gov.ar\/?p=16796"},"modified":"2010-08-06T00:00:00","modified_gmt":"2010-08-06T00:00:00","slug":"multiple-inauguracion-en-el-espacio-contemporaneo-de-arte","status":"publish","type":"post","link":"https:\/\/www.mendoza.gov.ar\/prensa\/multiple-inauguracion-en-el-espacio-contemporaneo-de-arte\/","title":{"rendered":"M\u00daLTIPLE INAUGURACI\u00d3N EN EL ESPACIO CONTEMPOR\u00c1NEO DE ARTE"},"content":{"rendered":"<!DOCTYPE html PUBLIC \"-\/\/W3C\/\/DTD HTML 4.0 Transitional\/\/EN\" \"http:\/\/www.w3.org\/TR\/REC-html40\/loose.dtd\">\n<html><body><p>&ldquo;No perdamos el hilo. Pasado y presente del tejido en Cuyo&rdquo;. <\/p>\n<p>El grupo asociativo solidario Creaci&oacute;n Colectiva organiza &ldquo;No perdamos el hilo. Pasado y presente del tejido en Cuyo&rdquo;,&nbsp; una muestra creada por Iris Andino y Carolina Daffra, que se desarrollar&aacute; desde el 13 al 29 de agosto.<\/p>\n<p>Podremos apreciar manifestaciones textiles de las culturas que habitaron y a&uacute;n hoy habitan Cuyo. El p&uacute;blico podr&aacute; aprehender las t&eacute;cnicas y herramientas textiles a trav&eacute;s de las cuales los pueblos expresaron y expresan los diferentes significados de la vida en comunidad y su relaci&oacute;n con la naturaleza. El arte textil contempor&aacute;neo se hace&nbsp; presente a trav&eacute;s de cinco artistas textiles cuyanas, que imbuidas de antiguas tramas, crean, transforman y construyen nuevos espacios.<br>Informes: noperdamoselhilo@gmail.com , 4315485 &ndash; 155167451<\/p>\n<p>&ldquo;Conquistadas entre 1998 y 2008&rdquo; Susana Dragotta L&eacute;pore<\/p>\n<p>La artista eligi&oacute; diferentes obras con el criterio de ideas conquistadas, es decir, aquellas que pudo sacar de su cuaderno y resultaron m&aacute;s que otras;&nbsp; pensamientos laboriosos que se incubaron durante mucho tiempo y en el momento exacto se consumaron con valent&iacute;a, afabilidad, espacio, tensi&oacute;n, ambig&uuml;edad, miedo, humor. Los trabajos expuestos indicar&aacute;n un recorrido por una d&eacute;cada de su producci&oacute;n.<\/p>\n<p>Muestra de Fotograf&iacute;as &ldquo;Festival de la Luz 2010- XVI Encuentros Abiertos&rdquo;<\/p>\n<p>Comenzar&aacute;n su XVI edici&oacute;n con el t&iacute;tulo &ldquo;Identidades en tr&aacute;nsito&rdquo; y tratar&aacute;n el tema de las Migraciones. Una propuesta para reflexionar sobre la necesidad de integraci&oacute;n, tolerancia y armoniosa convivencia entre los seres humanos.<\/p>\n<p>Muestra Fotogr&aacute;fica &ldquo;Holgazanes&rdquo;, instalaci&oacute;n de Facundo Piazza<\/p>\n<p>Holgazanes es una muestra en homenaje a los vagos y ocioso de este mundo. Porque el ocio primero es creativo, como puede verse en estas fotograf&iacute;as, donde la inacci&oacute;n de los dem&aacute;s lleva a crear.<\/p>\n<p>&ldquo;Selecci&oacute;n Natural Grutezca Devolutivamente Mutante&rdquo;, Murales Ef&iacute;meros<\/p>\n<p>Se inaugurar&aacute;n tres nuevos murales a cargo de Kity Faingold, Sol Delgado y Rodrigo Etem.<\/p>\n<p>Adem&aacute;s de las m&uacute;ltiples inauguraciones contin&uacute;a la exposici&oacute;n de &ldquo;Prototipos&rdquo; de Emilio Reato. Parte del programa Gira de Arte 2010 de Fundaci&oacute;n Andreani. 1 a&ntilde;o. 2 muestras. 6 destinos. <\/p>\n<p>Las visitas son de lunes a s&aacute;bado de 9 a 13 y de 16 a 21, domingos de 16 a 21 en 9 de Julio y Guti&eacute;rrez de Ciudad. La entrada es libre.<\/p>\n<p>Fuente: Prensa Secretar&iacute;a de Cultura<\/p>\n<p>Edici&oacute;n: Sandra Pizarro<\/p>\n<\/body><\/html>\n","protected":false},"excerpt":{"rendered":"&ldquo;No perdamos el hilo. Pasado y presente del tejido en Cuyo&rdquo;. El grupo asociativo solidario Creaci&oacute;n Colectiva organiza &ldquo;No perdamos el hilo. Pasado y presente del tejido en Cuyo&rdquo;,&nbsp; una muestra creada por Iris Andino y Carolina Daffra, que se desarrollar&aacute; desde el 13 al 29 de agosto. Podremos apreciar manifestaciones textiles de las culturas&#8230; <a class=\"view-article\" href=\"https:\/\/www.mendoza.gov.ar\/prensa\/multiple-inauguracion-en-el-espacio-contemporaneo-de-arte\/\"><\/a>","protected":false},"author":3,"featured_media":0,"comment_status":"closed","ping_status":"open","sticky":false,"template":"","format":"standard","meta":[],"categories":[8],"tags":[],"_links":{"self":[{"href":"https:\/\/www.mendoza.gov.ar\/prensa\/wp-json\/wp\/v2\/posts\/16796"}],"collection":[{"href":"https:\/\/www.mendoza.gov.ar\/prensa\/wp-json\/wp\/v2\/posts"}],"about":[{"href":"https:\/\/www.mendoza.gov.ar\/prensa\/wp-json\/wp\/v2\/types\/post"}],"author":[{"embeddable":true,"href":"https:\/\/www.mendoza.gov.ar\/prensa\/wp-json\/wp\/v2\/users\/3"}],"replies":[{"embeddable":true,"href":"https:\/\/www.mendoza.gov.ar\/prensa\/wp-json\/wp\/v2\/comments?post=16796"}],"version-history":[{"count":0,"href":"https:\/\/www.mendoza.gov.ar\/prensa\/wp-json\/wp\/v2\/posts\/16796\/revisions"}],"wp:attachment":[{"href":"https:\/\/www.mendoza.gov.ar\/prensa\/wp-json\/wp\/v2\/media?parent=16796"}],"wp:term":[{"taxonomy":"category","embeddable":true,"href":"https:\/\/www.mendoza.gov.ar\/prensa\/wp-json\/wp\/v2\/categories?post=16796"},{"taxonomy":"post_tag","embeddable":true,"href":"https:\/\/www.mendoza.gov.ar\/prensa\/wp-json\/wp\/v2\/tags?post=16796"}],"curies":[{"name":"wp","href":"https:\/\/api.w.org\/{rel}","templated":true}]}}