{"id":16810,"date":"2010-08-20T00:00:00","date_gmt":"2010-08-20T00:00:00","guid":{"rendered":"http:\/\/prensa.wp2.mendoza.gov.ar\/?p=16810"},"modified":"2010-08-20T00:00:00","modified_gmt":"2010-08-20T00:00:00","slug":"presentacion-del-proyecto-genoma-cultural-material-grafico-que-compilara-la-historia-de-mendoza","status":"publish","type":"post","link":"https:\/\/www.mendoza.gov.ar\/prensa\/presentacion-del-proyecto-genoma-cultural-material-grafico-que-compilara-la-historia-de-mendoza\/","title":{"rendered":"PRESENTACI\u00d3N DEL PROYECTO GENOMA CULTURAL, MATERIAL GR\u00c1FICO QUE COMPILAR\u00c1 LA HISTORIA DE MENDOZA"},"content":{"rendered":"<!DOCTYPE html PUBLIC \"-\/\/W3C\/\/DTD HTML 4.0 Transitional\/\/EN\" \"http:\/\/www.w3.org\/TR\/REC-html40\/loose.dtd\">\n<html><body><p>En la oportunidad se podr&aacute; participar del debate, sugerir modificaciones y discutir con el equipo de expertos que lo cre&oacute;.<\/p>\n<p>La intenci&oacute;n es reunir a estudiantes, profesores, profesionales, intelectuales y a todas aquellas personas que est&eacute;n interesadas en la historia de Mendoza, a fin de validar el trabajo realizado por el equipo liderado por Rolando Concatti.<\/p>\n<p>Este desplegable representa la primera etapa de un proyecto denominado Genoma Cultural, financiado por el Consejo Federal de Inversiones que llegar&aacute; a las escuelas, bibliotecas y otras instituciones de nuestra provincia.<\/p>\n<p>La cita es este lunes 23 de agosto, a las 19, en la Biblioteca P&uacute;blica General San Mart&iacute;n, Remedios Escalada de San Mart&iacute;n 1843, de Ciudad.<\/p>\n<\/body><\/html>\n","protected":false},"excerpt":{"rendered":"En la oportunidad se podr&aacute; participar del debate, sugerir modificaciones y discutir con el equipo de expertos que lo cre&oacute;. La intenci&oacute;n es reunir a estudiantes, profesores, profesionales, intelectuales y a todas aquellas personas que est&eacute;n interesadas en la historia de Mendoza, a fin de validar el trabajo realizado por el equipo liderado por Rolando&#8230; <a class=\"view-article\" href=\"https:\/\/www.mendoza.gov.ar\/prensa\/presentacion-del-proyecto-genoma-cultural-material-grafico-que-compilara-la-historia-de-mendoza\/\"><\/a>","protected":false},"author":3,"featured_media":0,"comment_status":"closed","ping_status":"open","sticky":false,"template":"","format":"standard","meta":[],"categories":[8],"tags":[],"_links":{"self":[{"href":"https:\/\/www.mendoza.gov.ar\/prensa\/wp-json\/wp\/v2\/posts\/16810"}],"collection":[{"href":"https:\/\/www.mendoza.gov.ar\/prensa\/wp-json\/wp\/v2\/posts"}],"about":[{"href":"https:\/\/www.mendoza.gov.ar\/prensa\/wp-json\/wp\/v2\/types\/post"}],"author":[{"embeddable":true,"href":"https:\/\/www.mendoza.gov.ar\/prensa\/wp-json\/wp\/v2\/users\/3"}],"replies":[{"embeddable":true,"href":"https:\/\/www.mendoza.gov.ar\/prensa\/wp-json\/wp\/v2\/comments?post=16810"}],"version-history":[{"count":0,"href":"https:\/\/www.mendoza.gov.ar\/prensa\/wp-json\/wp\/v2\/posts\/16810\/revisions"}],"wp:attachment":[{"href":"https:\/\/www.mendoza.gov.ar\/prensa\/wp-json\/wp\/v2\/media?parent=16810"}],"wp:term":[{"taxonomy":"category","embeddable":true,"href":"https:\/\/www.mendoza.gov.ar\/prensa\/wp-json\/wp\/v2\/categories?post=16810"},{"taxonomy":"post_tag","embeddable":true,"href":"https:\/\/www.mendoza.gov.ar\/prensa\/wp-json\/wp\/v2\/tags?post=16810"}],"curies":[{"name":"wp","href":"https:\/\/api.w.org\/{rel}","templated":true}]}}