{"id":16835,"date":"2010-09-21T00:00:00","date_gmt":"2010-09-21T00:00:00","guid":{"rendered":"http:\/\/prensa.wp2.mendoza.gov.ar\/?p=16835"},"modified":"2010-09-21T00:00:00","modified_gmt":"2010-09-21T00:00:00","slug":"nueva-edicion-del-ciclo-musica-de-camara-en-el-independencia","status":"publish","type":"post","link":"https:\/\/www.mendoza.gov.ar\/prensa\/nueva-edicion-del-ciclo-musica-de-camara-en-el-independencia\/","title":{"rendered":"NUEVA EDICI\u00d3N DEL &quot;CICLO M\u00daSICA DE C\u00c1MARA&quot; EN EL INDEPENDENCIA"},"content":{"rendered":"<!DOCTYPE html PUBLIC \"-\/\/W3C\/\/DTD HTML 4.0 Transitional\/\/EN\" \"http:\/\/www.w3.org\/TR\/REC-html40\/loose.dtd\">\n<html><body><p>En esta oportunidad el Ciclo M&uacute;sica de C&aacute;mara interpretar&aacute; dos obras fundamentales, como son el Septimino Opus 20 en mi bemol mayor de Ludwig Van Beethoven y el Noneto Opus 31 en fa mayor de Ludwig Spohr. Estas obras incluyen en sus partituras instrumentos de vientos y cuerdas, combinando as&iacute; timbres y colores en un lenguaje arm&oacute;nico y mel&oacute;dico por dem&aacute;s atractivo.<\/p>\n<p>Participar&aacute;n m&uacute;sicos de amplia trayectoria en la m&uacute;sica de c&aacute;mara de nuestro medio. Como complemento adicional, se representar&aacute; con dos actores (o dos cantantes) un di&aacute;logo imaginario entre los compositores de estas obras, que ilustrar&aacute; de manera did&aacute;ctica y humor&iacute;stica las circunstancias en que escribieron estas obras. <\/p>\n<p>El ciclo abordar&aacute; el siguiente programa: <\/p>\n<p><strong>Primera Parte: Septimino Opus 20 en mi bemol mayor &ndash; Ludwig van Beethoven (1770 &ndash; 1827)<\/strong><\/p>\n<p>1.    Adagio &ndash; allegro con brio<\/p>\n<p>2.    Adagio cant&aacute;bile<\/p>\n<p>3.    Tempo di menuetto<\/p>\n<p>4.    Tema con variazioni<\/p>\n<p>5.    Scherzo (allegro molto e vivace)<\/p>\n<p>6.    Andante con moto alla Marcia &ndash; Presto<\/p>\n\n<p><strong>Segunda Parte: Noneto Opus 31 en fa mayor &ndash; Ludwig Spohr (1784 &ndash; 1859)<\/strong><\/p>\n<p>1.    Allegro<\/p>\n<p>2.    Scherzo (allegro)<\/p>\n<p>3.    Adagio<\/p>\n<p>4. Finale (vivace)<\/p>\n<p>El valor de las Entradas: General $40; Estudiantes y jubilados: $20. Las mismas se pueden adquirir en la boleter&iacute;a del Teatro Independencia.<\/p>\n<p>Para mayor informaci&oacute;n contactarse con Samira Musir al 4370903<\/p>\n<\/body><\/html>\n","protected":false},"excerpt":{"rendered":"En esta oportunidad el Ciclo M&uacute;sica de C&aacute;mara interpretar&aacute; dos obras fundamentales, como son el Septimino Opus 20 en mi bemol mayor de Ludwig Van Beethoven y el Noneto Opus 31 en fa mayor de Ludwig Spohr. Estas obras incluyen en sus partituras instrumentos de vientos y cuerdas, combinando as&iacute; timbres y colores en un&#8230; <a class=\"view-article\" href=\"https:\/\/www.mendoza.gov.ar\/prensa\/nueva-edicion-del-ciclo-musica-de-camara-en-el-independencia\/\"><\/a>","protected":false},"author":3,"featured_media":0,"comment_status":"closed","ping_status":"open","sticky":false,"template":"","format":"standard","meta":[],"categories":[8],"tags":[],"_links":{"self":[{"href":"https:\/\/www.mendoza.gov.ar\/prensa\/wp-json\/wp\/v2\/posts\/16835"}],"collection":[{"href":"https:\/\/www.mendoza.gov.ar\/prensa\/wp-json\/wp\/v2\/posts"}],"about":[{"href":"https:\/\/www.mendoza.gov.ar\/prensa\/wp-json\/wp\/v2\/types\/post"}],"author":[{"embeddable":true,"href":"https:\/\/www.mendoza.gov.ar\/prensa\/wp-json\/wp\/v2\/users\/3"}],"replies":[{"embeddable":true,"href":"https:\/\/www.mendoza.gov.ar\/prensa\/wp-json\/wp\/v2\/comments?post=16835"}],"version-history":[{"count":0,"href":"https:\/\/www.mendoza.gov.ar\/prensa\/wp-json\/wp\/v2\/posts\/16835\/revisions"}],"wp:attachment":[{"href":"https:\/\/www.mendoza.gov.ar\/prensa\/wp-json\/wp\/v2\/media?parent=16835"}],"wp:term":[{"taxonomy":"category","embeddable":true,"href":"https:\/\/www.mendoza.gov.ar\/prensa\/wp-json\/wp\/v2\/categories?post=16835"},{"taxonomy":"post_tag","embeddable":true,"href":"https:\/\/www.mendoza.gov.ar\/prensa\/wp-json\/wp\/v2\/tags?post=16835"}],"curies":[{"name":"wp","href":"https:\/\/api.w.org\/{rel}","templated":true}]}}