{"id":16837,"date":"2010-09-24T00:00:00","date_gmt":"2010-09-24T00:00:00","guid":{"rendered":"http:\/\/prensa.wp2.mendoza.gov.ar\/?p=16837"},"modified":"2010-09-24T00:00:00","modified_gmt":"2010-09-24T00:00:00","slug":"matias-villafane-es-el-ganador-de-la-grafica-para-la-vendimia-2011","status":"publish","type":"post","link":"https:\/\/www.mendoza.gov.ar\/prensa\/matias-villafane-es-el-ganador-de-la-grafica-para-la-vendimia-2011\/","title":{"rendered":"MAT\u00cdAS VILLAFA\u00d1E ES EL GANADOR DE LA GR\u00c1FICA PARA LA VENDIMIA 2011"},"content":{"rendered":"<!DOCTYPE html PUBLIC \"-\/\/W3C\/\/DTD HTML 4.0 Transitional\/\/EN\" \"http:\/\/www.w3.org\/TR\/REC-html40\/loose.dtd\">\n<html><body><p>El jurado decidi&oacute; por mayor&iacute;a que la Propuesta 44 &ldquo;Serol fat siv&rdquo; fuese la ganadora. A su vez, la Propuesta 84 &ldquo;Pl&eacute;yades&rdquo;, obtuvo la 1&ordm; Menci&oacute;n y la Propuesta 72 &ldquo;Efervescente&rdquo; obtuvo la 2&ordm; Menci&oacute;n.<\/p>\n<p>El grupo que evalu&oacute; las propuestas fue integrado por el secretario de Cultura del Gobierno de la Provincia de Mendoza, Ricardo Scollo; Mirta Barroso por la Secretar&iacute;a de Turismo de la Provincia de Mendoza; Julio Escolar por la Asociaci&oacute;n Mendocina de Agentes de Publicidad; Laerte Roberto Mancuso por la C&aacute;mara de Turismo de la Provincia de Mendoza y Eduardo L&oacute;pez por la Universidad Nacional de Cuyo.<\/p>\n<p>Posteriormente se procedi&oacute; a la apertura de los sobres para conocer la identidad de l o los ganadoes, porque hasta el momento no se sab&iacute;a quienes ni cu&aacute;ntos eran. Finalmente result&oacute; ser Mat&iacute;as Alberto Villafa&ntilde;e. Adem&aacute;s recibieron la Primera Menci&oacute;n: Hern&aacute;n Elzufan y Marcelo Antonio Mengarelli; y la segunda Menci&oacute;n: Mar&iacute;a Paula Rodr&iacute;guez y Mariana In&eacute;s Corominola.<\/p>\n<\/body><\/html>\n","protected":false},"excerpt":{"rendered":"El jurado decidi&oacute; por mayor&iacute;a que la Propuesta 44 &ldquo;Serol fat siv&rdquo; fuese la ganadora. A su vez, la Propuesta 84 &ldquo;Pl&eacute;yades&rdquo;, obtuvo la 1&ordm; Menci&oacute;n y la Propuesta 72 &ldquo;Efervescente&rdquo; obtuvo la 2&ordm; Menci&oacute;n. El grupo que evalu&oacute; las propuestas fue integrado por el secretario de Cultura del Gobierno de la Provincia de Mendoza,&#8230; <a class=\"view-article\" href=\"https:\/\/www.mendoza.gov.ar\/prensa\/matias-villafane-es-el-ganador-de-la-grafica-para-la-vendimia-2011\/\"><\/a>","protected":false},"author":3,"featured_media":0,"comment_status":"closed","ping_status":"open","sticky":false,"template":"","format":"standard","meta":[],"categories":[8],"tags":[],"_links":{"self":[{"href":"https:\/\/www.mendoza.gov.ar\/prensa\/wp-json\/wp\/v2\/posts\/16837"}],"collection":[{"href":"https:\/\/www.mendoza.gov.ar\/prensa\/wp-json\/wp\/v2\/posts"}],"about":[{"href":"https:\/\/www.mendoza.gov.ar\/prensa\/wp-json\/wp\/v2\/types\/post"}],"author":[{"embeddable":true,"href":"https:\/\/www.mendoza.gov.ar\/prensa\/wp-json\/wp\/v2\/users\/3"}],"replies":[{"embeddable":true,"href":"https:\/\/www.mendoza.gov.ar\/prensa\/wp-json\/wp\/v2\/comments?post=16837"}],"version-history":[{"count":0,"href":"https:\/\/www.mendoza.gov.ar\/prensa\/wp-json\/wp\/v2\/posts\/16837\/revisions"}],"wp:attachment":[{"href":"https:\/\/www.mendoza.gov.ar\/prensa\/wp-json\/wp\/v2\/media?parent=16837"}],"wp:term":[{"taxonomy":"category","embeddable":true,"href":"https:\/\/www.mendoza.gov.ar\/prensa\/wp-json\/wp\/v2\/categories?post=16837"},{"taxonomy":"post_tag","embeddable":true,"href":"https:\/\/www.mendoza.gov.ar\/prensa\/wp-json\/wp\/v2\/tags?post=16837"}],"curies":[{"name":"wp","href":"https:\/\/api.w.org\/{rel}","templated":true}]}}