{"id":16877,"date":"2010-12-13T00:00:00","date_gmt":"2010-12-13T00:00:00","guid":{"rendered":"http:\/\/prensa.wp2.mendoza.gov.ar\/?p=16877"},"modified":"2010-12-13T00:00:00","modified_gmt":"2010-12-13T00:00:00","slug":"nueva-edicion-del-festival-internacional-de-musica-clasica-por-los-caminos-del-vino","status":"publish","type":"post","link":"https:\/\/www.mendoza.gov.ar\/prensa\/nueva-edicion-del-festival-internacional-de-musica-clasica-por-los-caminos-del-vino\/","title":{"rendered":"Nueva edici\u00f3n del Festival Internacional de M\u00fasica Cl\u00e1sica por los Caminos del Vino"},"content":{"rendered":"<!DOCTYPE html PUBLIC \"-\/\/W3C\/\/DTD HTML 4.0 Transitional\/\/EN\" \"http:\/\/www.w3.org\/TR\/REC-html40\/loose.dtd\">\n<html><body><p>El secretario de Cultura, profesor Ricardo Scollo, convoc&oacute; nuevamente a la reconocida pianista mendocina, de amplia carrera art&iacute;stica en el mundo, Dora de Marinis, para dirigir la XI Edici&oacute;n del &ldquo;Festival Internacional M&uacute;sica Cl&aacute;sica por los Caminos del Vino&rdquo;, que se desarrollar&aacute; en todo el territorio provincial durante la tradicional celebraci&oacute;n de Semana Santa de 2011.<\/p>\n<p>Se realizar&aacute;n alrededor de 40 conciertos entre el 20 y el 24 de abril del a&ntilde;o venidero en bodegas, iglesias, capillas, museos y sitios patrimoniales de toda la geograf&iacute;a mendocina. Es el momento ideal para que mendocinos y turistas disfruten durante cuatro d&iacute;as de los placeres de la m&uacute;sica cl&aacute;sica, los maravillosos paisajes cordilleranos y el buen vino.<\/p>\n<p>Los artistas interesados en participar del Festival podr&aacute;n retirar bases y reglamento a partir del lunes 13 de diciembre. Deber&aacute;n dirigirse a Mesa de Entradas de la Secretar&iacute;a de Cultura, Planta Baja del Edificio del Ex Banco Hipotecario (Guti&eacute;rrez y Espa&ntilde;a), de 9 a 13, o consultar en www.cultura.gov.ar, link M&uacute;sica Cl&aacute;sica por los Caminos del Vino. <\/p>\n<p>Presentaci&oacute;n de propuestas. <\/p>\n<p>La presentaci&oacute;n formal de las propuestas deber&aacute; realizarse personalmente los d&iacute;as 21 y 22 de diciembre de 2010 en el domicilio y horario antes mencionado. El jurado dar&aacute; a conocer las propuestas seleccionadas a partir del 28 de diciembre.<\/p>\n<p>Jurado.<\/p>\n<p>La labor de selecci&oacute;n de propuestas para participar de la XI Edici&oacute;n del prestigioso Festival estar&aacute; a cargo de reconocidos artistas de amplia trayectoria en su especialidad.<\/p>\n<p>Conformar&aacute;n el Jurado: Arkady Gologorsky, concertino de la Orquesta Sinf&oacute;nica de la UNCuyo, Carmen Sarav&iacute;, miembro de la Comisi&oacute;n Art&iacute;stica de la Orquesta Filarm&oacute;nica de Mendoza, el m&uacute;sico e investigador Mag&iacute;ster Diego Bosquet y la Profesora Alejandra Tillar, representante del &Aacute;rea Danza de la Secretar&iacute;a de Cultura.<\/p>\n<\/body><\/html>\n","protected":false},"excerpt":{"rendered":"El secretario de Cultura, profesor Ricardo Scollo, convoc&oacute; nuevamente a la reconocida pianista mendocina, de amplia carrera art&iacute;stica en el mundo, Dora de Marinis, para dirigir la XI Edici&oacute;n del &ldquo;Festival Internacional M&uacute;sica Cl&aacute;sica por los Caminos del Vino&rdquo;, que se desarrollar&aacute; en todo el territorio provincial durante la tradicional celebraci&oacute;n de Semana Santa de&#8230; <a class=\"view-article\" href=\"https:\/\/www.mendoza.gov.ar\/prensa\/nueva-edicion-del-festival-internacional-de-musica-clasica-por-los-caminos-del-vino\/\"><\/a>","protected":false},"author":3,"featured_media":0,"comment_status":"closed","ping_status":"open","sticky":false,"template":"","format":"standard","meta":[],"categories":[8],"tags":[],"_links":{"self":[{"href":"https:\/\/www.mendoza.gov.ar\/prensa\/wp-json\/wp\/v2\/posts\/16877"}],"collection":[{"href":"https:\/\/www.mendoza.gov.ar\/prensa\/wp-json\/wp\/v2\/posts"}],"about":[{"href":"https:\/\/www.mendoza.gov.ar\/prensa\/wp-json\/wp\/v2\/types\/post"}],"author":[{"embeddable":true,"href":"https:\/\/www.mendoza.gov.ar\/prensa\/wp-json\/wp\/v2\/users\/3"}],"replies":[{"embeddable":true,"href":"https:\/\/www.mendoza.gov.ar\/prensa\/wp-json\/wp\/v2\/comments?post=16877"}],"version-history":[{"count":0,"href":"https:\/\/www.mendoza.gov.ar\/prensa\/wp-json\/wp\/v2\/posts\/16877\/revisions"}],"wp:attachment":[{"href":"https:\/\/www.mendoza.gov.ar\/prensa\/wp-json\/wp\/v2\/media?parent=16877"}],"wp:term":[{"taxonomy":"category","embeddable":true,"href":"https:\/\/www.mendoza.gov.ar\/prensa\/wp-json\/wp\/v2\/categories?post=16877"},{"taxonomy":"post_tag","embeddable":true,"href":"https:\/\/www.mendoza.gov.ar\/prensa\/wp-json\/wp\/v2\/tags?post=16877"}],"curies":[{"name":"wp","href":"https:\/\/api.w.org\/{rel}","templated":true}]}}