{"id":17151,"date":"2010-03-11T00:00:00","date_gmt":"2010-03-11T00:00:00","guid":{"rendered":"http:\/\/prensa.wp2.mendoza.gov.ar\/?p=17151"},"modified":"2010-03-11T00:00:00","modified_gmt":"2010-03-11T00:00:00","slug":"este-sabado-habra-actividades-solidarias-en-santa-rosa-por-el-dia-de-la-mujer","status":"publish","type":"post","link":"https:\/\/www.mendoza.gov.ar\/prensa\/este-sabado-habra-actividades-solidarias-en-santa-rosa-por-el-dia-de-la-mujer\/","title":{"rendered":"ESTE S\u00c1BADO HABR\u00c1 ACTIVIDADES SOLIDARIAS EN SANTA ROSA, POR EL D\u00cdA DE LA MUJER"},"content":{"rendered":"<!DOCTYPE html PUBLIC \"-\/\/W3C\/\/DTD HTML 4.0 Transitional\/\/EN\" \"http:\/\/www.w3.org\/TR\/REC-html40\/loose.dtd\">\n<html><body><p>El Ministerio de Desarrollo Humano de la Provincia, a trav&eacute;s del Instituto de la Mujer, organiz&oacute; la jornada Santa Rosa Solidario, para este s&aacute;bado desde las 16 en la plaza departamental de ese departamento, en el marco del D&iacute;a Internacional de la Mujer. Se realizar&aacute;n actividades relativas a la problem&aacute;tica de g&eacute;nero y se pintar&aacute; la fachada de la escuela Pringles, adem&aacute;s de realizarse la exposici&oacute;n de artesan&iacute;as en el mismo paseo.<\/p>\n<p>En ese marco, el Municipio dispuso que se pinte el colegio elegido, ubicado frente a la plaza, con los mismos colores que posee. Asimismo, se har&aacute;n trabajos para arreglar los canteros del frente del edificio escolar.<\/p>\n<p>La actividad se realizar&aacute; en conjunto con el Ministerio de Seguridad, la Municipalidad de Santa Rosa y el Instituto Universitario de Seguridad P&uacute;blica-Delegaci&oacute;n Este, con la participaci&oacute;n de la Iglesia Evang&eacute;lica y de la comunidad local.<\/p>\n<p>Por otra parte, en la plaza actuar&aacute;n n&uacute;meros art&iacute;sticos coordinados desde al &aacute;rea municipal de Cultura. A las 19 se presentar&aacute; la exposici&oacute;n de artistas locales y se levantar&aacute; una carpa con emprendedores locales.<\/p>\n<p>En tanto, a las 20, en el anfiteatro de la plaza comenzar&aacute;n las actividades programadas en el marco del D&iacute;a de la Mujer, con entrega de menciones por parte del Municipio y la proyecci&oacute;n de una pel&iacute;cula al aire libre.&nbsp;<\/p>\n<p>Este programa, que comenz&oacute; el 20 de febrero pasado en la Colonia 20 de Junio, se propone trabajar en toda la provincia con voluntarios que participan en diferentes instituciones locales, tales como iglesias de distintos credos, entidades intermedias, chicos de grupos barriales y comunitarios. <\/p>\n<p>Apuesta a renovar valores como la sensibilidad, el voluntariado, el compromiso con los que menos tienen, la conciencia social y la pr&aacute;ctica solidaria.<\/p>\n<\/body><\/html>\n","protected":false},"excerpt":{"rendered":"El Ministerio de Desarrollo Humano de la Provincia, a trav&eacute;s del Instituto de la Mujer, organiz&oacute; la jornada Santa Rosa Solidario, para este s&aacute;bado desde las 16 en la plaza departamental de ese departamento, en el marco del D&iacute;a Internacional de la Mujer. Se realizar&aacute;n actividades relativas a la problem&aacute;tica de g&eacute;nero y se pintar&aacute;&#8230; <a class=\"view-article\" href=\"https:\/\/www.mendoza.gov.ar\/prensa\/este-sabado-habra-actividades-solidarias-en-santa-rosa-por-el-dia-de-la-mujer\/\"><\/a>","protected":false},"author":3,"featured_media":0,"comment_status":"closed","ping_status":"open","sticky":false,"template":"","format":"standard","meta":[],"categories":[11],"tags":[],"_links":{"self":[{"href":"https:\/\/www.mendoza.gov.ar\/prensa\/wp-json\/wp\/v2\/posts\/17151"}],"collection":[{"href":"https:\/\/www.mendoza.gov.ar\/prensa\/wp-json\/wp\/v2\/posts"}],"about":[{"href":"https:\/\/www.mendoza.gov.ar\/prensa\/wp-json\/wp\/v2\/types\/post"}],"author":[{"embeddable":true,"href":"https:\/\/www.mendoza.gov.ar\/prensa\/wp-json\/wp\/v2\/users\/3"}],"replies":[{"embeddable":true,"href":"https:\/\/www.mendoza.gov.ar\/prensa\/wp-json\/wp\/v2\/comments?post=17151"}],"version-history":[{"count":0,"href":"https:\/\/www.mendoza.gov.ar\/prensa\/wp-json\/wp\/v2\/posts\/17151\/revisions"}],"wp:attachment":[{"href":"https:\/\/www.mendoza.gov.ar\/prensa\/wp-json\/wp\/v2\/media?parent=17151"}],"wp:term":[{"taxonomy":"category","embeddable":true,"href":"https:\/\/www.mendoza.gov.ar\/prensa\/wp-json\/wp\/v2\/categories?post=17151"},{"taxonomy":"post_tag","embeddable":true,"href":"https:\/\/www.mendoza.gov.ar\/prensa\/wp-json\/wp\/v2\/tags?post=17151"}],"curies":[{"name":"wp","href":"https:\/\/api.w.org\/{rel}","templated":true}]}}