{"id":17172,"date":"2010-04-21T00:00:00","date_gmt":"2010-04-21T00:00:00","guid":{"rendered":"http:\/\/prensa.wp2.mendoza.gov.ar\/?p=17172"},"modified":"2010-04-21T00:00:00","modified_gmt":"2010-04-21T00:00:00","slug":"la-direccion-de-juventud-y-la-asociacion-amauta-arreglaran-desde-manana-la-escuela-especial-no7-006","status":"publish","type":"post","link":"https:\/\/www.mendoza.gov.ar\/prensa\/la-direccion-de-juventud-y-la-asociacion-amauta-arreglaran-desde-manana-la-escuela-especial-no7-006\/","title":{"rendered":"LA DIRECCI\u00d3N DE JUVENTUD Y LA ASOCIACI\u00d3N AMAUTA ARREGLAR\u00c1N DESDE MA\u00d1ANA LA  ESCUELA ESPECIAL N\u00ba7-006"},"content":{"rendered":"<!DOCTYPE html PUBLIC \"-\/\/W3C\/\/DTD HTML 4.0 Transitional\/\/EN\" \"http:\/\/www.w3.org\/TR\/REC-html40\/loose.dtd\">\n<html><body><p>La Direcci&oacute;n Provincial de Juventud y la Asociaci&oacute;n Civil Amauta se unir&aacute;n ma&ntilde;ana en la tarea de mejorar y embellecer las instalaciones de la escuela especial N&ordm;7-006, para mejorar las condiciones de esas instalaciones. La actividad comenzar&aacute; a las 9 en Belgrano 131 de Godoy Cruz.<\/p>\n<p>Esta acci&oacute;n se enmarca en el programa Mendoza Solidaria, que lleva adelante el Ministerio de Desarrollo Humano Familia y Comunidad, y tiene como objetivo recuperar espacios de contenci&oacute;n social con alto contenido simb&oacute;lico. <\/p>\n<p>La campa&ntilde;a comenz&oacute; en febrero con tareas similares en la ex Colonia 20 de Junio, que luego se replicaron en Santa Rosa y en la Escuela Hogar Eva Per&oacute;n, en el parque General San Mart&iacute;n de Capital.<\/p>\n<p>El establecimiento educativo posprimario N&ordm;7-006, a&uacute;n sin nombre, tiene una matr&iacute;cula de 40 alumnos de entre 12 y 21 a&ntilde;os con capacidades diferentes, a quienes se les brindan talleres art&iacute;sticos y laborales.<\/p>\n<p>En la actividad de ma&ntilde;ana participar&aacute;n miembros y voluntarios tanto de la Direcci&oacute;n de Juventud como de la asociaci&oacute;n Amauta, a los que se sumar&aacute;n padres de alumnos, empresarios y comerciantes, a trav&eacute;s de la donaci&oacute;n de materiales necesarios para mejorar el lugar donde ni&ntilde;os y j&oacute;venes pasan su tiempo, en pos de mejorar su calidad educativa.<\/p>\n<p><strong>Fuente: <\/strong>Prensa Desarrollo Humano Familia y Comunidad<\/p>\n<p><strong>Edici&oacute;n: <\/strong>Gabriel Espejo<\/p>\n<\/body><\/html>\n","protected":false},"excerpt":{"rendered":"La Direcci&oacute;n Provincial de Juventud y la Asociaci&oacute;n Civil Amauta se unir&aacute;n ma&ntilde;ana en la tarea de mejorar y embellecer las instalaciones de la escuela especial N&ordm;7-006, para mejorar las condiciones de esas instalaciones. La actividad comenzar&aacute; a las 9 en Belgrano 131 de Godoy Cruz. Esta acci&oacute;n se enmarca en el programa Mendoza Solidaria,&#8230; <a class=\"view-article\" href=\"https:\/\/www.mendoza.gov.ar\/prensa\/la-direccion-de-juventud-y-la-asociacion-amauta-arreglaran-desde-manana-la-escuela-especial-no7-006\/\"><\/a>","protected":false},"author":3,"featured_media":0,"comment_status":"closed","ping_status":"open","sticky":false,"template":"","format":"standard","meta":[],"categories":[11],"tags":[],"_links":{"self":[{"href":"https:\/\/www.mendoza.gov.ar\/prensa\/wp-json\/wp\/v2\/posts\/17172"}],"collection":[{"href":"https:\/\/www.mendoza.gov.ar\/prensa\/wp-json\/wp\/v2\/posts"}],"about":[{"href":"https:\/\/www.mendoza.gov.ar\/prensa\/wp-json\/wp\/v2\/types\/post"}],"author":[{"embeddable":true,"href":"https:\/\/www.mendoza.gov.ar\/prensa\/wp-json\/wp\/v2\/users\/3"}],"replies":[{"embeddable":true,"href":"https:\/\/www.mendoza.gov.ar\/prensa\/wp-json\/wp\/v2\/comments?post=17172"}],"version-history":[{"count":0,"href":"https:\/\/www.mendoza.gov.ar\/prensa\/wp-json\/wp\/v2\/posts\/17172\/revisions"}],"wp:attachment":[{"href":"https:\/\/www.mendoza.gov.ar\/prensa\/wp-json\/wp\/v2\/media?parent=17172"}],"wp:term":[{"taxonomy":"category","embeddable":true,"href":"https:\/\/www.mendoza.gov.ar\/prensa\/wp-json\/wp\/v2\/categories?post=17172"},{"taxonomy":"post_tag","embeddable":true,"href":"https:\/\/www.mendoza.gov.ar\/prensa\/wp-json\/wp\/v2\/tags?post=17172"}],"curies":[{"name":"wp","href":"https:\/\/api.w.org\/{rel}","templated":true}]}}